{"id":6211,"date":"2017-11-11T15:31:03","date_gmt":"2017-11-11T15:31:03","guid":{"rendered":"http:\/\/www.mbfatimska.pl\/?p=6211"},"modified":"2017-11-11T15:31:03","modified_gmt":"2017-11-11T15:31:03","slug":"xxxiii-niedziela-zwykla-12-11-2017r","status":"publish","type":"post","link":"https:\/\/mbfatimska.ovh\/index.php\/2017\/11\/11\/xxxiii-niedziela-zwykla-12-11-2017r\/","title":{"rendered":"XXXII Niedziela Zwyk\u0142a &#8211; 12.11.2017r."},"content":{"rendered":"<ol>\n<li>\n<h3><b>D<\/b>zisiaj przed ko\u015bcio\u0142em pod kopu\u0142\u0105 zbierane s\u0105 podpisy pod inicjatyw\u0105 obywatelsk\u0105 \u201eStop aborcji\u201d. Autorzy projektu prosz\u0105 o nasze podpisy pod projektem, kt\u00f3ry nawi\u0105zuje do nauczania \u015bw. Jana Paw\u0142a II, kt\u00f3ry m\u00f3wi\u0142, \u017ce obecnie najwi\u0119kszym zagro\u017ceniem pokoju na \u015bwiecie jest aborcja. W pami\u0119tnym nauczaniu \u015bwi\u0119ty papie\u017c powiedzia\u0142: <em>\u201eJe\u017celi matce wolno zabi\u0107 w\u0142asne dziecko, c\u00f3\u017c mo\u017ce powstrzyma\u0107 ciebie i mnie, by\u015bmy si\u0119 nawzajem nie pozabijali? (\u2026) Nar\u00f3d, kt\u00f3ry zabija w\u0142asne dzieci, jest narodem bez przysz\u0142o\u015bci.\u201d<\/em><\/h3>\n<\/li>\n<li>\n<h3>Dzisiaj o godz. 10.25 w ko\u015bciele katecheza dla dzieci klas III SP przed I-sz\u0105 Komuni\u0105 \u015bw.<\/h3>\n<\/li>\n<li>\n<h3>R\u00f3wnie\u017c dzisiaj o godz. 17.00 w salce pod zakrysti\u0105 zebranie dla rodzic\u00f3w scholi, bielanek i ministrant\u00f3w.<\/h3>\n<\/li>\n<li>\n<h3>Tak\u017ce dzisiaj po Mszy \u015bw. o godz. 18.00 kolejne spotkanie formacyjne dla kandydat\u00f3w i rycerzy \u015bw. Jana Paw\u0142a II.<\/h3>\n<\/li>\n<li>\n<h3>Dzisiaj w ratuszu w godzinach 12.30 &#8211; 20.00 w sali widowiskowej odb\u0119dzie si\u0119 IV Przegl\u0105d Pie\u015bni Patriotycznej, pt. &#8222;Viva Polonia&#8221; zorganizowany przez Legionowskie Stowarzyszenie Na Rzecz Kultury &#8222;Viva Larte&#8221;. W godzinach 12.30 &#8211; 18.00 odb\u0119d\u0105 si\u0119 przes\u0142uchania, 18.00 &#8211; koncert gwiazdy, 19.00 &#8211; uroczyste rozdanie nagr\u00f3d i koncert laureat\u00f3w. Wst\u0119p wolny.<\/h3>\n<\/li>\n<li>\n<h3>Jutro (w poniedzia\u0142ek) o godz. 19.00 w ko\u015bciele spotkanie formacyjno &#8211; informacyjne dla rodzic\u00f3w dzieci przygotowuj\u0105cych si\u0119 do I-szej Komunii \u015bw.<\/h3>\n<\/li>\n<li>\n<h3>Na pi\u0105tek na Msz\u0119 \u015bw. o godz. 18.00 i na spotkanie po Mszy \u015bw. zapraszamy osoby, kt\u00f3re w minionych latach uczestniczy\u0142y w roznoszeniu op\u0142atk\u00f3w na st\u00f3\u0142 wigilijny w naszej Parafii. Zapraszamy r\u00f3wnie\u017c nowe osoby, kt\u00f3re chc\u0105 si\u0119 w\u0142\u0105czy\u0107 w t\u0119 akcj\u0119.<\/h3>\n<\/li>\n<li>\n<h3>W przysz\u0142\u0105 niedziel\u0119 po Mszy \u015bw. o godz. 11.00 w ko\u015bciele wymiana tajemnic r\u00f3\u017ca\u0144cowych dla dzieci i rodzic\u00f3w nale\u017c\u0105cych do K\u00f3\u0142 \u017bywego R\u00f3\u017ca\u0144ca.<\/h3>\n<\/li>\n<li>\n<h3>Og\u0142oszenia dla poszukuj\u0105cych pracy:<\/h3>\n<h3>&#8211; potrzebna pani do prowadzenia domu<\/h3>\n<h3>&#8211; potrzebna pani do sprz\u0105tania pomieszcze\u0144 biurowych &#8211; prace dodatkowe.<\/h3>\n<h3>Wiadomo\u015b\u0107 w zakrystii.<\/h3>\n<\/li>\n<li>\n<h3>W przysz\u0142\u0105 niedziel\u0119 o godz. 10.25 w ko\u015bciele spotkanie dla dzieci kl. IV SP przed Rocznic\u0105 Komunii \u015awi\u0119tej.<\/h3>\n<\/li>\n<li>\n<h3>Serdecznie pragniemy podzi\u0119kowa\u0107 panu Wies\u0142awowi Jaroszowi za wycink\u0119 drzew, kt\u00f3re usch\u0142y i zagra\u017ca\u0142y bezpiecze\u0144stwu oraz stolarzom: panu Krzysztofowi Korzeniewskiemu i Wies\u0142awowi Dzieko\u0144skiemu za bezinteresowne us\u0142ugi stolarskie. B\u00f3g zap\u0142a\u0107.<\/h3>\n<\/li>\n<li>\n<h3>Zapraszamy do naszej kawiarenki parafialnej w ka\u017cd\u0105 niedziel\u0119 po Mszach \u015bwi\u0119tych o godz. 9.00, 11.00 i 12.30 na pyszne gofry, ciasta, ciastka, kaw\u0119, herbat\u0119 i chleb domowego wypieku.<\/h3>\n<\/li>\n<li>\n<h3>Dzi\u0119kujemy za czwartkowe i pi\u0105tkowe pe\u0142ne po\u015bwi\u0119cenia prace porz\u0105dkowe na terenie ko\u015bcielnym.<\/h3>\n<\/li>\n<li>\n<h3>Zach\u0119camy do lektury prasy katolickiej.<\/h3>\n<\/li>\n<\/ol>\n","protected":false},"excerpt":{"rendered":"<p>Dzisiaj przed ko\u015bcio\u0142em pod kopu\u0142\u0105 zbierane s\u0105 podpisy pod inicjatyw\u0105 obywatelsk\u0105 \u201eStop aborcji\u201d. Autorzy projektu prosz\u0105 o nasze podpisy pod projektem, kt\u00f3ry nawi\u0105zuje do nauczania \u015bw. Jana Paw\u0142a II, kt\u00f3ry m\u00f3wi\u0142, \u017ce obecnie najwi\u0119kszym zagro\u017ceniem pokoju na \u015bwiecie jest aborcja. W pami\u0119tnym nauczaniu \u015bwi\u0119ty papie\u017c powiedzia\u0142: \u201eJe\u017celi matce wolno zabi\u0107 w\u0142asne dziecko, c\u00f3\u017c mo\u017ce powstrzyma\u0107 [&hellip;]<\/p>\n","protected":false},"author":1,"featured_media":481,"comment_status":"closed","ping_status":"closed","sticky":false,"template":"","format":"standard","meta":{"footnotes":""},"categories":[14],"tags":[],"class_list":["post-6211","post","type-post","status-publish","format-standard","has-post-thumbnail","hentry","category-ogloszenia-parafialne"],"_links":{"self":[{"href":"https:\/\/mbfatimska.ovh\/index.php\/wp-json\/wp\/v2\/posts\/6211","targetHints":{"allow":["GET"]}}],"collection":[{"href":"https:\/\/mbfatimska.ovh\/index.php\/wp-json\/wp\/v2\/posts"}],"about":[{"href":"https:\/\/mbfatimska.ovh\/index.php\/wp-json\/wp\/v2\/types\/post"}],"author":[{"embeddable":true,"href":"https:\/\/mbfatimska.ovh\/index.php\/wp-json\/wp\/v2\/users\/1"}],"replies":[{"embeddable":true,"href":"https:\/\/mbfatimska.ovh\/index.php\/wp-json\/wp\/v2\/comments?post=6211"}],"version-history":[{"count":0,"href":"https:\/\/mbfatimska.ovh\/index.php\/wp-json\/wp\/v2\/posts\/6211\/revisions"}],"wp:featuredmedia":[{"embeddable":true,"href":"https:\/\/mbfatimska.ovh\/index.php\/wp-json\/wp\/v2\/media\/481"}],"wp:attachment":[{"href":"https:\/\/mbfatimska.ovh\/index.php\/wp-json\/wp\/v2\/media?parent=6211"}],"wp:term":[{"taxonomy":"category","embeddable":true,"href":"https:\/\/mbfatimska.ovh\/index.php\/wp-json\/wp\/v2\/categories?post=6211"},{"taxonomy":"post_tag","embeddable":true,"href":"https:\/\/mbfatimska.ovh\/index.php\/wp-json\/wp\/v2\/tags?post=6211"}],"curies":[{"name":"wp","href":"https:\/\/api.w.org\/{rel}","templated":true}]}}