{"id":6279,"date":"2017-11-17T23:12:38","date_gmt":"2017-11-17T23:12:38","guid":{"rendered":"http:\/\/www.mbfatimska.pl\/?p=6279"},"modified":"2017-11-17T23:12:38","modified_gmt":"2017-11-17T23:12:38","slug":"xxxiii-niedziela-zwykla-19-11-2017r","status":"publish","type":"post","link":"https:\/\/mbfatimska.ovh\/index.php\/2017\/11\/17\/xxxiii-niedziela-zwykla-19-11-2017r\/","title":{"rendered":"XXXIII Niedziela Zwyk\u0142a &#8211; 19.11.2017r."},"content":{"rendered":"<ol>\n<li>\n<h3>Pocz\u0105wszy od dzisiaj przez najbli\u017csze dwa tygodnie przedstawiciele naszej Parafii b\u0119d\u0105 rozprowadza\u0107 po domach i mieszkaniach op\u0142atki na st\u00f3\u0142 wigilijny. Prosimy o \u017cyczliwe przyj\u0119cie naszych przedstawicieli. Ofiary zebrane podczas rozprowadzania op\u0142atk\u00f3w b\u0119d\u0105 przeznaczone na dalsze prace wyko\u0144czeniowe w naszej \u015bwi\u0105tyni i na terenie przyko\u015bcielnym.<\/h3>\n<\/li>\n<li>\n<h3>Dzisiaj o godz. 10.25 w ko\u015bciele katecheza dla dzieci klas IV SP przed Rocznic\u0105 I-szej Komunii \u015awi\u0119tej.<\/h3>\n<\/li>\n<li>\n<h3>R\u00f3wnie\u017c dzisiaj przed ko\u015bcio\u0142em mo\u017cna zakupi\u0107 mini &#8211; albumy o naszej Parafii wraz z kalendarzami na nowy rok w cenie 15 z\u0142 za komplet. To jedyne jak do tej pory takie opracowanie (zdj\u0119cia + tekst) ukazuj\u0105ce histori\u0119 Parafii oraz \u017cycie duszpasterskie. Zach\u0119camy do zainteresowania si\u0119 publikacj\u0105.<\/h3>\n<\/li>\n<li>\n<h3>Jeszcze dzisiaj w Muzeum Historycznym na Piaskach o godz. 15.00 odb\u0119dzie si\u0119 prelekcja dr Miros\u0142awa Paku\u0142y pt. &#8222;Drogi i \u015bcie\u017cki do niepodleg\u0142o\u015bci&#8221;. Wst\u0119p wolny.<\/h3>\n<\/li>\n<li>\n<h3>W pi\u0105tek o godz. 18.00 zostanie odprawiona Msza \u015awi\u0119ta wypominkowa za naszych bliskich zmar\u0142ych.<\/h3>\n<\/li>\n<li>\n<h3>W pi\u0105tek, sobot\u0119 i niedziel\u0119 w legionowskich marketach i o\u015bciennych miejscowo\u015bciach b\u0119dzie zbierana \u017cywno\u015b\u0107 z my\u015bl\u0105 o osobach biedniejszych, cz\u0119sto niezaradnych \u017cyciowo, aby umili\u0107 im czas \u015bwi\u0105teczny do kt\u00f3rego si\u0119 zbli\u017camy. R\u00f3wnie\u017c i nasza m\u0142odzie\u017c, rodzice z dzie\u0107mi i osoby niepe\u0142nosprawne z naszego Warsztatu Terapii Zaj\u0119ciowej \u015bw. Rity w\u0142\u0105czyli si\u0119 w akcj\u0119 zbierania \u017cywno\u015bci. Naszych wolontariuszy b\u0119dziemy mogli spotka\u0107 w Kauflandzie na Piaskach i Biedronce w Micha\u0142owie &#8211; Reginowie. Robi\u0105c zakupy kupmy o jeden produkt wi\u0119cej, kt\u00f3ry b\u0119dzie cechowa\u0142a przed\u0142u\u017cona przydatno\u015b\u0107: cukier, m\u0105ka, makaron, olej, konserwy i przeka\u017cmy wolontariuszom b\u0119d\u0105cym w markecie.<\/h3>\n<\/li>\n<li>\n<h3>Zebranie dla os\u00f3b zaanga\u017cowanych w akcj\u0119 &#8222;\u015awi\u0105tecznej zbi\u00f3rki \u017cywno\u015bci&#8221; i tych, kt\u00f3rzy jeszcze chc\u0105 si\u0119 dopisa\u0107 &#8211; w \u015brod\u0119 o godz. 19.00 w salce pod zakrysti\u0105. Warto pomaga\u0107 innym.<\/h3>\n<\/li>\n<li>\n<h3>Jak widzimy trwaj\u0105 prace przy ostatecznym wystroju prezbiterium. B\u0119d\u0105 one kontynuowane jeszcze w tym i nast\u0119pnym tygodniu.<\/h3>\n<\/li>\n<li>\n<h3>W przysz\u0142\u0105 niedziel\u0119 o godz. 10.25 w ko\u015bciele katecheza dla dzieci klas III SP przed I-sz\u0105 Komuni\u0105 \u015aw.<\/h3>\n<\/li>\n<li>\n<h3>Dzi\u0119kujemy ma\u0142\u017ce\u0144stwu pp. Dariuszowi i Annie Czapskim za od lat bezinteresowne prowadzenie kurs\u00f3w przedma\u0142\u017ce\u0144skich i poradni \u017cycia rodzinnego.<\/h3>\n<\/li>\n<li>\n<h3>W dniach 30.11 &#8211; 03.12 w Warszawie &#8211; Marysinie Wawreskim odb\u0119d\u0105 si\u0119 rekolekcje prowadzone przez o. Jamesa Manjackala. Wi\u0119cej informacji wraz z adresem rejestracji w gablocie na plakacie.<\/h3>\n<\/li>\n<li>\n<h3>W dniach 23, 24, 25 listopada w auli przy Katedrze Warszawsko &#8211; Praskiej b\u0119d\u0105 prowadzone warsztaty ma\u0142\u017ce\u0144skie. Wi\u0119cej informacji na plakacie.<\/h3>\n<\/li>\n<li>\n<h3>Prezydent Miasta Legionowo zaprasza na bezp\u0142atne warsztaty neuropsychologiczne i psychologiczne pt. &#8222;Jesie\u0144 \u017cycia &#8211; wyzwania i zagro\u017cenia&#8221; &#8211; czyli jak trenowa\u0107 funkcje poznawcze, \u017ceby zachowa\u0107 sprawny umys\u0142 na kolejne lata. Termin: 25 listopada 2017 r. w godzinach od 9.00 do 17.00 w sali konferencyjnej Urz\u0119du Miasta w Legionowie. Szczeg\u00f3\u0142owe informacje na plakacie w gablocie.<\/h3>\n<\/li>\n<li>\n<h3>Prezydent Miasta Legionowo zaprasza pan\u00f3w &#8211; mieszka\u0144c\u00f3w Legionowa w wieku 40 plus do skorzystania z bezp\u0142atnych bada\u0144 raka prostaty w Mazowieckim Szpitalu Onkologicznym w Wieliszewie. Wszelkie informacje dost\u0119pne na plakacie w gablocie parafialnej.<\/h3>\n<\/li>\n<li>\n<h3>Dzi\u0119kujemy za pi\u0105tkowe i sobotnie pe\u0142ne po\u015bwi\u0119cenia prace porz\u0105dkowe na terenie ko\u015bcielnym.<\/h3>\n<\/li>\n<li>\n<h3>Zapraszamy do naszej kawiarenki parafialnej w ka\u017cd\u0105 niedziel\u0119 po Mszach \u015bwi\u0119tych o godz. 9.00, 11.00 i 12.30 na pyszne gofry, ciasta, ciastka, kaw\u0119, herbat\u0119 i chleb domowego wypieku.<\/h3>\n<\/li>\n<li>\n<h3>Zach\u0119camy do lektury prasy katolickiej: Idziemy, Niedziela, Go\u015b\u0107 Niedzielny.<\/h3>\n<\/li>\n<\/ol>\n","protected":false},"excerpt":{"rendered":"<p>Pocz\u0105wszy od dzisiaj przez najbli\u017csze dwa tygodnie przedstawiciele naszej Parafii b\u0119d\u0105 rozprowadza\u0107 po domach i mieszkaniach op\u0142atki na st\u00f3\u0142 wigilijny. Prosimy o \u017cyczliwe przyj\u0119cie naszych przedstawicieli. Ofiary zebrane podczas rozprowadzania op\u0142atk\u00f3w b\u0119d\u0105 przeznaczone na dalsze prace wyko\u0144czeniowe w naszej \u015bwi\u0105tyni i na terenie przyko\u015bcielnym. Dzisiaj o godz. 10.25 w ko\u015bciele katecheza dla dzieci klas IV [&hellip;]<\/p>\n","protected":false},"author":1,"featured_media":481,"comment_status":"closed","ping_status":"closed","sticky":false,"template":"","format":"standard","meta":{"footnotes":""},"categories":[14],"tags":[35,40,50,51,58,59,62],"class_list":["post-6279","post","type-post","status-publish","format-standard","has-post-thumbnail","hentry","category-ogloszenia-parafialne","tag-fatimska","tag-gorka","tag-legionowie","tag-legionowo","tag-ogloszenia","tag-parafia","tag-piaski"],"_links":{"self":[{"href":"https:\/\/mbfatimska.ovh\/index.php\/wp-json\/wp\/v2\/posts\/6279","targetHints":{"allow":["GET"]}}],"collection":[{"href":"https:\/\/mbfatimska.ovh\/index.php\/wp-json\/wp\/v2\/posts"}],"about":[{"href":"https:\/\/mbfatimska.ovh\/index.php\/wp-json\/wp\/v2\/types\/post"}],"author":[{"embeddable":true,"href":"https:\/\/mbfatimska.ovh\/index.php\/wp-json\/wp\/v2\/users\/1"}],"replies":[{"embeddable":true,"href":"https:\/\/mbfatimska.ovh\/index.php\/wp-json\/wp\/v2\/comments?post=6279"}],"version-history":[{"count":0,"href":"https:\/\/mbfatimska.ovh\/index.php\/wp-json\/wp\/v2\/posts\/6279\/revisions"}],"wp:featuredmedia":[{"embeddable":true,"href":"https:\/\/mbfatimska.ovh\/index.php\/wp-json\/wp\/v2\/media\/481"}],"wp:attachment":[{"href":"https:\/\/mbfatimska.ovh\/index.php\/wp-json\/wp\/v2\/media?parent=6279"}],"wp:term":[{"taxonomy":"category","embeddable":true,"href":"https:\/\/mbfatimska.ovh\/index.php\/wp-json\/wp\/v2\/categories?post=6279"},{"taxonomy":"post_tag","embeddable":true,"href":"https:\/\/mbfatimska.ovh\/index.php\/wp-json\/wp\/v2\/tags?post=6279"}],"curies":[{"name":"wp","href":"https:\/\/api.w.org\/{rel}","templated":true}]}}