{"id":6592,"date":"2017-12-19T23:13:37","date_gmt":"2017-12-19T23:13:37","guid":{"rendered":"http:\/\/www.mbfatimska.pl\/?p=6592"},"modified":"2017-12-19T23:13:37","modified_gmt":"2017-12-19T23:13:37","slug":"nowi-ministranci","status":"publish","type":"post","link":"https:\/\/mbfatimska.ovh\/index.php\/2017\/12\/19\/nowi-ministranci\/","title":{"rendered":"Nowi ministranci"},"content":{"rendered":"<h3>W sobot\u0119, 16 grudnia podczas Mszy \u015awi\u0119tej o godz. 16.30 nasz Proboszcz, ks. pra\u0142. Tomasz Chcia\u0142owski przyj\u0105\u0142 i pob\u0142ogos\u0142awi\u0142 sze\u015bciu ch\u0142opc\u00f3w do pe\u0142nienia funkcji ministranta w naszej Parafii. Ch\u0142opcy przez ostatnie kilka miesi\u0119cy przez spotkania formacyjne i regularne uczestnictwo we Mszach \u015awi\u0119tych uczyli si\u0119 od kap\u0142an\u00f3w oraz starszych ministrant\u00f3w na czym polega s\u0142u\u017cba przy o\u0142tarzu. Relacja z tego wydarzenia w linku poni\u017cej.<\/h3>\n<h2><a href=\"http:\/\/www.mbfatimska.pl\/nowi-ministranci-u-matki-bozej-fatimskiej\/\"><strong><span style=\"color: #000080;\">GALERIA ZDJ\u0118\u0106<\/span><\/strong><\/a><\/h2>\n","protected":false},"excerpt":{"rendered":"<p>W sobot\u0119, 16 grudnia podczas Mszy \u015awi\u0119tej o godz. 16.30 nasz Proboszcz, ks. pra\u0142. Tomasz Chcia\u0142owski przyj\u0105\u0142 i pob\u0142ogos\u0142awi\u0142 sze\u015bciu ch\u0142opc\u00f3w do pe\u0142nienia funkcji ministranta w naszej Parafii. Ch\u0142opcy przez ostatnie kilka miesi\u0119cy przez spotkania formacyjne i regularne uczestnictwo we Mszach \u015awi\u0119tych uczyli si\u0119 od kap\u0142an\u00f3w oraz starszych ministrant\u00f3w na czym polega s\u0142u\u017cba przy o\u0142tarzu. [&hellip;]<\/p>\n","protected":false},"author":1,"featured_media":6542,"comment_status":"closed","ping_status":"closed","sticky":false,"template":"","format":"standard","meta":{"footnotes":""},"categories":[18],"tags":[],"class_list":["post-6592","post","type-post","status-publish","format-standard","has-post-thumbnail","hentry","category-sluzba-liturgiczna"],"_links":{"self":[{"href":"https:\/\/mbfatimska.ovh\/index.php\/wp-json\/wp\/v2\/posts\/6592","targetHints":{"allow":["GET"]}}],"collection":[{"href":"https:\/\/mbfatimska.ovh\/index.php\/wp-json\/wp\/v2\/posts"}],"about":[{"href":"https:\/\/mbfatimska.ovh\/index.php\/wp-json\/wp\/v2\/types\/post"}],"author":[{"embeddable":true,"href":"https:\/\/mbfatimska.ovh\/index.php\/wp-json\/wp\/v2\/users\/1"}],"replies":[{"embeddable":true,"href":"https:\/\/mbfatimska.ovh\/index.php\/wp-json\/wp\/v2\/comments?post=6592"}],"version-history":[{"count":0,"href":"https:\/\/mbfatimska.ovh\/index.php\/wp-json\/wp\/v2\/posts\/6592\/revisions"}],"wp:featuredmedia":[{"embeddable":true,"href":"https:\/\/mbfatimska.ovh\/index.php\/wp-json\/wp\/v2\/media\/6542"}],"wp:attachment":[{"href":"https:\/\/mbfatimska.ovh\/index.php\/wp-json\/wp\/v2\/media?parent=6592"}],"wp:term":[{"taxonomy":"category","embeddable":true,"href":"https:\/\/mbfatimska.ovh\/index.php\/wp-json\/wp\/v2\/categories?post=6592"},{"taxonomy":"post_tag","embeddable":true,"href":"https:\/\/mbfatimska.ovh\/index.php\/wp-json\/wp\/v2\/tags?post=6592"}],"curies":[{"name":"wp","href":"https:\/\/api.w.org\/{rel}","templated":true}]}}