{"id":6595,"date":"2017-12-19T23:20:35","date_gmt":"2017-12-19T23:20:35","guid":{"rendered":"http:\/\/www.mbfatimska.pl\/?p=6595"},"modified":"2017-12-19T23:20:35","modified_gmt":"2017-12-19T23:20:35","slug":"erygowanie-naszej-parafii-zakonu-rycerzy-jp-ii","status":"publish","type":"post","link":"https:\/\/mbfatimska.ovh\/index.php\/2017\/12\/19\/erygowanie-naszej-parafii-zakonu-rycerzy-jp-ii\/","title":{"rendered":"Erygowanie w naszej Parafii Zakonu Rycerzy JP II"},"content":{"rendered":"<h3><strong>W niedziel\u0119, 17 grudnia 2017 r. w naszej Parafii zosta\u0142 erygowany pierwszy w dekanacie legionowskim Zakon Rycerzy \u015bw. Jana Paw\u0142a II. Do Zakonu w Parafii Matki Bo\u017cej Fatimskiej nale\u017ce\u0107 b\u0119dzie o\u015bmiu Rycerzy.\u00a0<\/strong><\/h3>\n<p>&nbsp;<\/p>\n<h1><a href=\"http:\/\/www.mbfatimska.pl\/erygowanie-zakonu-rycerzy-jp-ii-naszej-parafii\/\"><span style=\"color: #000080;\"><strong><span style=\"color: #0000ff;\">GALERIA ZDJ\u0118\u0106<\/span><\/strong><\/span><\/a><\/h1>\n<h3><\/h3>\n<h3>Inicjatywa powstania Zakonu Rycerzy Jana Paw\u0142a II pojawi\u0142a si\u0119 w \u015brodowisku polskich katolik\u00f3w \u015bwieckich i w swej intencji jest swoistym wotum wdzi\u0119czno\u015bci za dar beatyfikacji umi\u0142owanego Ojca \u015awi\u0119tego Jana Paw\u0142a II.<\/h3>\n<h3><\/h3>\n<h3>Cele<\/h3>\n<h3><\/h3>\n<h3><\/h3>\n<h3>Zasadniczym celem Zakonu Rycerzy Jana Paw\u0142a II jest formacja katolik\u00f3w-m\u0119\u017cczyzn \u015bwieckich poprzez stawianie sobie wz\u00f3r osoby patrona &#8211; \u015awi\u0119tego Jana Paw\u0142a II (Karola Wojty\u0142y), kt\u00f3ry swoim \u015bwiadectwem pokazywa\u0142 jak harmonijnie mo\u017cna \u0142\u0105czy\u0107 m\u0119sko\u015b\u0107 i \u015bwi\u0119to\u015b\u0107 zar\u00f3wno dzi\u015b jak i w wymiarze uniwersalnym. Swoje powo\u0142anie Rycerze Jana Paw\u0142a II chc\u0105 realizowa\u0107 poprzez zaanga\u017cowanie w takie rodzaje aktywno\u015bci jak:<\/h3>\n<ol>\n<li>\n<h3>d\u0105\u017cenie do \u015bwi\u0119to\u015bci swoich cz\u0142onk\u00f3w,<\/h3>\n<\/li>\n<li>\n<h3>obrona warto\u015bci chrze\u015bcija\u0144skich, w tym rodziny, \u017cycia (od pocz\u0119cia do naturalnej \u015bmierci),<\/h3>\n<\/li>\n<li>\n<h3>dbanie o rozw\u00f3j patriotyzmu i mi\u0142o\u015bci ojczyzny,<\/h3>\n<\/li>\n<li>\n<h3>promocja nauczania Jana Paw\u0142a II,<\/h3>\n<\/li>\n<li>\n<h3>promowanie katolickiej duchowo\u015bci \u015bwieckich,<\/h3>\n<\/li>\n<li>\n<h3>wzajemna pomoc bratnia,<\/h3>\n<\/li>\n<li>\n<h3>wspieranie duchowie\u0144stwa (w ka\u017cdej dziedzinie \u017cycia),<\/h3>\n<\/li>\n<li>\n<h3>promocja duchowo\u015bci m\u0119\u017cczyzny,<\/h3>\n<\/li>\n<li>\n<h3>wspieranie chrze\u015bcijan.<\/h3>\n<\/li>\n<\/ol>\n<h3><\/h3>\n<h3>Rycerze Zakonu Rycerzy Jana Paw\u0142a II anga\u017cuj\u0105 si\u0119 w dzie\u0142o nowej ewangelizacji czerpi\u0105c z przyk\u0142adu Jana Paw\u0142a II i d\u0105\u017c\u0105c do upowszechniania tre\u015bci i form Jego nauczania. Dlatego te\u017c podejmuj\u0105c trudu d\u0105\u017cenia do \u015bwi\u0119to\u015bci &#8211; zw\u0142aszcza w wymiarze \u017cycia dnia codziennego &#8211; Bracia Zakonu Rycerzy Jana Paw\u0142a II b\u0119d\u0105 d\u0105\u017cy\u0107 do:<\/h3>\n<h3><\/h3>\n<ul>\n<li>\n<h3>umacniania wiary i rozwijania katolickiej duchowo\u015bci os\u00f3b \u015bwieckich w tym zw\u0142aszcza duchowo\u015bci m\u0119skiej<\/h3>\n<\/li>\n<li>\n<h3>rozwijania wra\u017cliwo\u015bci i dzie\u0142 mi\u0142osierdzia w tym w szczeg\u00f3lno\u015bci w zakresie godno\u015bci i pe\u0142nej ochrony \u017cycia ludzkiego<\/h3>\n<\/li>\n<li>\n<h3>rozwijania wzajemnej pomocy bratniej Rycerzy,<\/h3>\n<\/li>\n<li>\n<h3>wspierania duchowie\u0144stwa w ka\u017cdej dziedzinie ich kap\u0142a\u0144skiej pos\u0142ugi,<\/h3>\n<\/li>\n<li>\n<h3>dbania o rozw\u00f3j patriotyzmu i mi\u0142o\u015bci ojczyzny.<\/h3>\n<\/li>\n<\/ul>\n<h3><\/h3>\n<h3>Zakon Rycerzy Jana Paw\u0142a II w spos\u00f3b szczeg\u00f3lny czyny mi\u0142osierdzia zwraca ku swoim cz\u0142onkom i ich rodzinom. W dalszej kolejno\u015bci akty mi\u0142osierdzia kierowane s\u0105 na cz\u0142onk\u00f3w w\u0142asnej Parafii oraz Diecezji. Zakon w spos\u00f3b szczeg\u00f3lny w\u0142\u0105cza si\u0119 w pomoc ludziom potrzebuj\u0105cym otaczaj\u0105c ich modlitw\u0105 oraz staraj\u0105c si\u0119 im pomaga\u0107 r\u00f3wnie\u017c materialnie.<\/h3>\n<h3><\/h3>\n<h3><\/h3>\n<h3><\/h3>\n<h3>Organizacja<\/h3>\n<h3><\/h3>\n<h3>Organizacja Zakonu Rycerzy Jana Paw\u0142a II opiera si\u0119 o podstawow\u0105 jednostk\u0119 ustrojow\u0105 Ko\u015bcio\u0142a jak\u0105 jest parafia w kt\u00f3rej Bracia Rycerze, kt\u00f3rzy koncentruj\u0105 w niej swe \u017cycie religijne tworz\u0105 Chor\u0105giew. Wy\u017cszymi jednostkami organizacyjnymi Zakonu s\u0105: Komandoria organizuj\u0105ca \u017cycie Zakonu na terenie danej Diecezji oraz Prowincja Krajowa organizuj\u0105ca \u017cycie zakonu na terenie danego kraju. Na czele ca\u0142ego Zakonu stoi Genera\u0142 Zakonu z Rad\u0105 Generaln\u0105.<\/h3>\n<h3>Chor\u0105giew mo\u017ce utworzy\u0107 co najmniej sze\u015bciu Braci przy akceptacji proboszcza miejsca, kt\u00f3ry z urz\u0119du b\u0119dzie pe\u0142ni\u0142 funkcj\u0119 jej kapelana lub wyznaczy innego ksi\u0119dza do wype\u0142nienia tej roli. Nazwa Chor\u0105gwi nosi nazw\u0119 patrona parafii. Ka\u017cd\u0105 now\u0105 Chor\u0105giew powo\u0142uje do \u017cycia Prowincja\u0142 lub Genera\u0142, od kt\u00f3rego otrzymuje ona sztandar narodowy, kt\u00f3rego piel\u0119gnowanie i prezentowanie podczas uroczysto\u015bci, jest jednym z g\u0142\u00f3wnych zada\u0144 Chor\u0105gwi. Cz\u0142onkowie Chor\u0105gwi, wybieraj\u0105 spo\u015br\u00f3d siebie na roczn\u0105 kadencj\u0119 oficer\u00f3w, b\u0119d\u0105cych w\u0142adz\u0105 wykonawcz\u0105 Chor\u0105gwi. Komandoria \u2013 tworz\u0105 j\u0105 wszystkie Chor\u0105gwie dzia\u0142aj\u0105ce na terenie danej Diecezji, a na jej czele stoi wybierany na trzy lata Komandor, kt\u00f3ry jest odpowiedzialny za kontakty z Biskupem diecezjalnym i koordynowanie dzia\u0142a\u0144 rycerstwa w danej diecezji. Prowincja Krajowa &#8211; tworz\u0105 j\u0105 wszystkie Komandorie. Na czele Prowincji stoi Prowincja\u0142, kt\u00f3rego na czteroletni\u0105 kadencj\u0119 wybieraj\u0105 Komandorzy.<\/h3>\n<h3><\/h3>\n<h3><\/h3>\n<h3><\/h3>\n<h3>Przyjmowanie do Rycerstwa<\/h3>\n<h3><\/h3>\n<h3>Bratem Rycerzem Zakonu Jana Paw\u0142a II mo\u017ce zosta\u0107 m\u0119\u017cczyzna \u2013 katolik, \u017cyj\u0105cy w pe\u0142nej \u0142\u0105czno\u015bci ze Stolic\u0105 Apostolsk\u0105 zarekomendowany przez co najmniej jednego z Braci Rycerzy lub duchownego katolickiego.<\/h3>\n<h3>Jednym z efekt\u00f3w dzia\u0142alno\u015bci Rycerzy, powinno by\u0107 budowanie w\u015br\u00f3d os\u00f3b duchownych poczucia, \u017ce na Rycerzy Jana Paw\u0142a II zawsze mo\u017cna liczy\u0107 \u2013 jak na prawe rami\u0119 Ko\u015bcio\u0142a.<\/h3>\n<div><\/div>\n<div><\/div>\n","protected":false},"excerpt":{"rendered":"<p>W niedziel\u0119, 17 grudnia 2017 r. w naszej Parafii zosta\u0142 erygowany pierwszy w dekanacie legionowskim Zakon Rycerzy \u015bw. Jana Paw\u0142a II. Do Zakonu w Parafii Matki Bo\u017cej Fatimskiej nale\u017ce\u0107 b\u0119dzie o\u015bmiu Rycerzy.\u00a0 &nbsp; GALERIA ZDJ\u0118\u0106 Inicjatywa powstania Zakonu Rycerzy Jana Paw\u0142a II pojawi\u0142a si\u0119 w \u015brodowisku polskich katolik\u00f3w \u015bwieckich i w swej intencji jest swoistym [&hellip;]<\/p>\n","protected":false},"author":1,"featured_media":6580,"comment_status":"closed","ping_status":"closed","sticky":false,"template":"","format":"standard","meta":{"footnotes":""},"categories":[2],"tags":[],"class_list":["post-6595","post","type-post","status-publish","format-standard","has-post-thumbnail","hentry","category-aktualnosci"],"_links":{"self":[{"href":"https:\/\/mbfatimska.ovh\/index.php\/wp-json\/wp\/v2\/posts\/6595","targetHints":{"allow":["GET"]}}],"collection":[{"href":"https:\/\/mbfatimska.ovh\/index.php\/wp-json\/wp\/v2\/posts"}],"about":[{"href":"https:\/\/mbfatimska.ovh\/index.php\/wp-json\/wp\/v2\/types\/post"}],"author":[{"embeddable":true,"href":"https:\/\/mbfatimska.ovh\/index.php\/wp-json\/wp\/v2\/users\/1"}],"replies":[{"embeddable":true,"href":"https:\/\/mbfatimska.ovh\/index.php\/wp-json\/wp\/v2\/comments?post=6595"}],"version-history":[{"count":0,"href":"https:\/\/mbfatimska.ovh\/index.php\/wp-json\/wp\/v2\/posts\/6595\/revisions"}],"wp:featuredmedia":[{"embeddable":true,"href":"https:\/\/mbfatimska.ovh\/index.php\/wp-json\/wp\/v2\/media\/6580"}],"wp:attachment":[{"href":"https:\/\/mbfatimska.ovh\/index.php\/wp-json\/wp\/v2\/media?parent=6595"}],"wp:term":[{"taxonomy":"category","embeddable":true,"href":"https:\/\/mbfatimska.ovh\/index.php\/wp-json\/wp\/v2\/categories?post=6595"},{"taxonomy":"post_tag","embeddable":true,"href":"https:\/\/mbfatimska.ovh\/index.php\/wp-json\/wp\/v2\/tags?post=6595"}],"curies":[{"name":"wp","href":"https:\/\/api.w.org\/{rel}","templated":true}]}}