{"id":6703,"date":"2017-12-30T13:41:27","date_gmt":"2017-12-30T13:41:27","guid":{"rendered":"http:\/\/www.mbfatimska.pl\/?p=6703"},"modified":"2017-12-30T13:41:27","modified_gmt":"2017-12-30T13:41:27","slug":"komunikat-episkopatu-polski-swieto-swietej-rodziny","status":"publish","type":"post","link":"https:\/\/mbfatimska.ovh\/index.php\/2017\/12\/30\/komunikat-episkopatu-polski-swieto-swietej-rodziny\/","title":{"rendered":"Komunikat Episkopatu Polski na \u015awi\u0119to \u015awi\u0119tej Rodziny"},"content":{"rendered":"<h2 style=\"text-align: center;\"><a href=\"http:\/\/www.mbfatimska.pl\/wp-content\/uploads\/2017\/12\/kep_logo.png\"><img fetchpriority=\"high\" decoding=\"async\" class=\" wp-image-6704 alignright\" src=\"http:\/\/www.mbfatimska.pl\/wp-content\/uploads\/2017\/12\/kep_logo-300x75.png\" alt=\"\" width=\"452\" height=\"113\" srcset=\"https:\/\/mbfatimska.ovh\/wp-content\/uploads\/2017\/12\/kep_logo-300x75.png 300w, https:\/\/mbfatimska.ovh\/wp-content\/uploads\/2017\/12\/kep_logo.png 600w\" sizes=\"(max-width: 452px) 100vw, 452px\" \/><\/a><span style=\"color: #000080;\">S\u0142owo Prezydium Konferencji Episkopatu Polski <\/span><span style=\"color: #000080;\">na<br \/>\nNiedziel\u0119 \u015awi\u0119tej Rodziny<br \/>\n<\/span><\/h2>\n<h2 class=\"p3\"><span style=\"color: #000000;\">Drodzy Bracia i Siostry!<\/span><\/h2>\n<h3 class=\"p3\"><span style=\"color: #000000;\">W czytaniach na dzisiejsze \u015awi\u0119to \u015awi\u0119tej Rodziny \u015bw. Pawe\u0142 Aposto\u0142 wymienia wiele cn\u00f3t, ale podkre\u015bla, \u017ce najwa\u017cniejsze jest, aby realizowa\u0107 je z mi\u0142o\u015bci\u0105, \u201ekt\u00f3ra jest wi\u0119zi\u0105 doskona\u0142o\u015bci\u201d. Dzisiaj chcemy, aby ta zasada wybrzmia\u0142a z ca\u0142\u0105 moc\u0105 i aby odnosi\u0142a si\u0119 ona do wszystkich: do dzieci zdrowych i do niepe\u0142nosprawnych, do os\u00f3b starszych i do chorych. Wszyscy oni zawsze powinni mie\u0107 miejsce w naszych rodzinach.<\/span><\/h3>\n<h3 class=\"p3\"><span style=\"color: #000000;\">Ka\u017cde dziecko potrzebuje mi\u0142o\u015bci. Dziecko pocz\u0119te, cho\u0107 rozwija si\u0119 w \u0142onie matki, nie jest w\u0142asno\u015bci\u0105 rodzic\u00f3w \u2013 jest powierzone ich trosce przez Boga. Niepe\u0142nosprawno\u015b\u0107 czy choroba zawsze pozostaje tajemnic\u0105, z kt\u00f3r\u0105 zmaga si\u0119 nasz umys\u0142 i nasza wiara. Cz\u0142owiek jednak nie ma prawa do decydowania o kresie \u017cycia na \u017cadnym jego etapie, gdy\u017c Panem \u017cycia i \u015bmierci jest tylko B\u00f3g!<\/span><\/h3>\n<h3 class=\"p3\"><span style=\"color: #000000;\">Wszyscy jeste\u015bmy powo\u0142ani do kochania i przyjmowania najs\u0142abszych, a nie do ich zabijania. Zar\u00f3wno wierz\u0105cy jak i niewierz\u0105cy s\u0105 wezwani do ochrony \u017cycia od pocz\u0119cia do naturalnej \u015bmierci. Nie mo\u017ce by\u0107 miejsca na zabijanie innych, a szczeg\u00f3lnie niepe\u0142nosprawnych i chorych dzieci!<\/span><\/h3>\n<h3 class=\"p7\"><span style=\"color: #000000;\">To nie jest kwestia tylko \u015bwiatopogl\u0105du czy religii, ale przede wszystkim nauki, kt\u00f3ra jednoznacznie wykazuje, \u017ce \u017cycie cz\u0142owieka rozpoczyna si\u0119 w momencie pocz\u0119cia.<\/span><\/h3>\n<h3 class=\"p3\"><span style=\"color: #000000;\">Niedawno do opinii publicznej dotar\u0142a wstrz\u0105saj\u0105ca informacja o aborcji dziecka w 24. tygodniu \u017cycia. Dziecko prze\u017cy\u0142o t\u0119 aborcj\u0119. Jednak, zamiast by\u0107 otoczone opiek\u0105, zosta\u0142o pozostawione samo sobie, aby zmar\u0142o i tak si\u0119 sta\u0142o. Takich nieludzkich praktyk jest w Polsce wi\u0119cej. Trzeba si\u0119 im zdecydowanie przeciwstawi\u0107! Nie wahajmy si\u0119 zabiera\u0107 g\u0142osu w imieniu tych, kt\u00f3rzy sami broni\u0107 si\u0119 jeszcze nie mog\u0105!<\/span><\/h3>\n<h3 class=\"p3\"><span style=\"color: #000000;\">Dramatyczny paradoks wsp\u00f3\u0142czesno\u015bci polega na tym, \u017ce wielu dzieciom, kt\u00f3re znajduj\u0105 si\u0119 dzi\u015b pod sercem matki, nie jest dane przyj\u015b\u0107 na \u015bwiat. W majestacie polskiego prawa s\u0105 one zabijane przed narodzeniem. Obecnie pozwala na to przepis ustawy umo\u017cliwiaj\u0105cy pozbawianie \u017cycia pocz\u0119tych dzieci w trzech przypadkach. Jednym z nich jest podejrzenie o nieuleczaln\u0105 chorob\u0119 lub niepe\u0142nosprawno\u015b\u0107. Jest to aborcja z przyczyn eugenicznych. Wed\u0142ug danych Ministerstwa Zdrowia z tego powodu wykonywanych jest 95 procent aborcji. W\u015br\u00f3d nich wi\u0119kszo\u015b\u0107 stanowi\u0105 dzieci z Zespo\u0142em Downa. Je\u015bli pozwolimy im si\u0119 narodzi\u0107, b\u0119d\u0105 \u017cy\u0107 w\u015br\u00f3d nas, rozwija\u0107 si\u0119 i\u00a0obdarowywa\u0107 nas sw\u0105 mi\u0142o\u015bci\u0105 i zaufaniem. Pomimo niepe\u0142nosprawno\u015bci mog\u0105 by\u0107 cennymi cz\u0142onkami spo\u0142eczno\u015bci, cho\u0107 zazwyczaj wymagaj\u0105 pomocy. G\u0142\u0119boko niemoralne jest prawo, oparte na przes\u0142ance eugenicznej, kt\u00f3re pozwala takich ludzi zabija\u0107!<\/span><\/h3>\n<h3 class=\"p3\"><span style=\"color: #000000;\">W Sejmie czeka projekt ustawy \u201eZatrzymaj aborcj\u0119\u201d. Przewiduje on zniesienie mo\u017cliwo\u015bci aborcji eugenicznej. Polscy Biskupi popieraj\u0105 t\u0119 obywatelsk\u0105 inicjatyw\u0119 jako krok do pe\u0142nej ochrony \u017cycia i apeluj\u0105 do wszystkich ludzi dobrej woli o wyra\u017cenie jej swego poparcia. Apelujemy te\u017c do sumie\u0144 wszystkich pos\u0142\u00f3w i senator\u00f3w, maj\u0105c \u015bwiadomo\u015b\u0107, \u017ce to od nich zale\u017cy decyzja, czy ustawa ta zostanie przyj\u0119ta. Zwracamy si\u0119 do nich tym bardziej, gdy\u017c wiemy, \u017ce wi\u0119kszo\u015b\u0107 z nich deklaruje wiar\u0119 i wierno\u015b\u0107 warto\u015bciom chrze\u015bcija\u0144skim. Jeste\u015bmy przekonani, \u017ce parlamentarzy\u015bci postawi\u0105 warto\u015bci moralne ponad partyjnymi kalkulacjami!<\/span><\/h3>\n<h3 class=\"p3\"><span style=\"color: #000000;\">Powszechnie znane jest przywi\u0105zanie Polak\u00f3w do osoby \u015bw. Jana Paw\u0142a II. Dla zdecydowanej wi\u0119kszo\u015bci z nas jest on autorytetem. Sprawa obrony \u017cycia by\u0142a jednym z\u00a0najwa\u017cniejszych w\u0105tk\u00f3w pontyfikatu Papie\u017ca Polaka. W 1999 r. w \u0141owiczu m\u00f3wi\u0142: \u201ezwracam si\u0119 do wszystkich ojc\u00f3w i matek mojej Ojczyzny i ca\u0142ego \u015bwiata, do wszystkich ludzi bez wyj\u0105tku: ka\u017cdy cz\u0142owiek pocz\u0119ty w \u0142onie matki ma prawo do \u017cycia!\u201d. Dajmy wi\u0119c \u015bwiadectwo wierno\u015bci nauczaniu naszego \u015bwi\u0119tego Rodaka i upomnijmy si\u0119 o\u00a0prawo do \u017cycia dla wszystkich pocz\u0119tych dzieci! Pami\u0119tajmy, \u017ce zamiast aborcji zawsze istnieje mo\u017cliwo\u015b\u0107 oddania dziecka do adopcji.<\/span><\/h3>\n<h3 class=\"p3\"><span style=\"color: #000000;\">\u017bycz\u0105c wszystkim rodzinom, aby Rok Pa\u0144ski 2018 sta\u0142 si\u0119 okazj\u0105 do naszego \u015bwiadectwa mi\u0142o\u015bci do chorych i niepe\u0142nosprawnych dzieci, z serca wszystkim b\u0142ogos\u0142awimy.<\/span><\/h3>\n<h2 class=\"p1\" style=\"text-align: center;\"><span style=\"color: #000080;\"><i>+ Stanis\u0142aw G\u0105decki<br \/>\n<\/i>Arcybiskup Metropolita Pozna\u0144ski<\/span><br \/>\n<span style=\"color: #000080;\"> Przewodnicz\u0105cy Konferencji Episkopatu Polski<\/span><\/h2>\n<h2 class=\"p1\" style=\"text-align: center;\"><span style=\"color: #000080;\"><i>+ Marek J\u0119draszewski<br \/>\n<\/i>Arcybiskup Metropolita Krakowski<\/span><br \/>\n<span style=\"color: #000080;\"> Wiceprzewodnicz\u0105cy Konferencji Episkopatu Polski<\/span><\/h2>\n<h2 class=\"p1\" style=\"text-align: center;\"><span style=\"color: #000080;\"><i>+ Artur G. Mizi\u0144ski<br \/>\n<\/i>Sekretarz Generalny<\/span><br \/>\n<span style=\"color: #000080;\"> Konferencji Episkopatu Polski<\/span><\/h2>\n<h3 class=\"p1\" style=\"text-align: right;\"><strong>Warszawa, dnia 31 grudnia 2017 roku<\/strong><\/h3>\n<p>&nbsp;<\/p>\n","protected":false},"excerpt":{"rendered":"<p>S\u0142owo Prezydium Konferencji Episkopatu Polski na Niedziel\u0119 \u015awi\u0119tej Rodziny Drodzy Bracia i Siostry! W czytaniach na dzisiejsze \u015awi\u0119to \u015awi\u0119tej Rodziny \u015bw. Pawe\u0142 Aposto\u0142 wymienia wiele cn\u00f3t, ale podkre\u015bla, \u017ce najwa\u017cniejsze jest, aby realizowa\u0107 je z mi\u0142o\u015bci\u0105, \u201ekt\u00f3ra jest wi\u0119zi\u0105 doskona\u0142o\u015bci\u201d. Dzisiaj chcemy, aby ta zasada wybrzmia\u0142a z ca\u0142\u0105 moc\u0105 i aby odnosi\u0142a si\u0119 ona do [&hellip;]<\/p>\n","protected":false},"author":1,"featured_media":6704,"comment_status":"closed","ping_status":"closed","sticky":false,"template":"","format":"standard","meta":{"footnotes":""},"categories":[2],"tags":[],"class_list":["post-6703","post","type-post","status-publish","format-standard","has-post-thumbnail","hentry","category-aktualnosci"],"_links":{"self":[{"href":"https:\/\/mbfatimska.ovh\/index.php\/wp-json\/wp\/v2\/posts\/6703","targetHints":{"allow":["GET"]}}],"collection":[{"href":"https:\/\/mbfatimska.ovh\/index.php\/wp-json\/wp\/v2\/posts"}],"about":[{"href":"https:\/\/mbfatimska.ovh\/index.php\/wp-json\/wp\/v2\/types\/post"}],"author":[{"embeddable":true,"href":"https:\/\/mbfatimska.ovh\/index.php\/wp-json\/wp\/v2\/users\/1"}],"replies":[{"embeddable":true,"href":"https:\/\/mbfatimska.ovh\/index.php\/wp-json\/wp\/v2\/comments?post=6703"}],"version-history":[{"count":0,"href":"https:\/\/mbfatimska.ovh\/index.php\/wp-json\/wp\/v2\/posts\/6703\/revisions"}],"wp:featuredmedia":[{"embeddable":true,"href":"https:\/\/mbfatimska.ovh\/index.php\/wp-json\/wp\/v2\/media\/6704"}],"wp:attachment":[{"href":"https:\/\/mbfatimska.ovh\/index.php\/wp-json\/wp\/v2\/media?parent=6703"}],"wp:term":[{"taxonomy":"category","embeddable":true,"href":"https:\/\/mbfatimska.ovh\/index.php\/wp-json\/wp\/v2\/categories?post=6703"},{"taxonomy":"post_tag","embeddable":true,"href":"https:\/\/mbfatimska.ovh\/index.php\/wp-json\/wp\/v2\/tags?post=6703"}],"curies":[{"name":"wp","href":"https:\/\/api.w.org\/{rel}","templated":true}]}}