{"id":6706,"date":"2017-12-30T23:32:13","date_gmt":"2017-12-30T23:32:13","guid":{"rendered":"http:\/\/www.mbfatimska.pl\/?p=6706"},"modified":"2017-12-30T23:32:13","modified_gmt":"2017-12-30T23:32:13","slug":"niedziela-swietej-rodziny-31-12-2017r","status":"publish","type":"post","link":"https:\/\/mbfatimska.ovh\/index.php\/2017\/12\/30\/niedziela-swietej-rodziny-31-12-2017r\/","title":{"rendered":"Niedziela \u015awi\u0119tej Rodziny &#8211; 31.12.2017r."},"content":{"rendered":"<ol>\n<li>\n<h3><span style=\"color: #000000;\">Na dzisiejsz\u0105 niedziel\u0119 Konferencja Episkopatu Polski przygotowa\u0142a do nas s\u0142owo. Jest ono dost\u0119pne &gt;&gt;<a href=\"http:\/\/www.mbfatimska.pl\/komunikat-episkopatu-polski-swieto-swietej-rodziny\/\"><strong><span style=\"color: #ff0000;\">TUTAJ<\/span><\/strong><\/a>&lt;&lt;.<\/span><\/h3>\n<\/li>\n<li>\n<h3><span style=\"color: #000000;\">Dzisiaj go\u015bcimy w naszej Parafii duet z Ukrainy, kt\u00f3ry przez \u015bpiew i muzyk\u0119 u\u015bwietnia nasz\u0105 modlitw\u0119 na Mszach \u015awi\u0119tych. Po Mszach muzycy dadz\u0105 mini koncert, a przed ko\u015bcio\u0142em b\u0119dzie mo\u017cna kupi\u0107 p\u0142yty z ich tw\u00f3rczo\u015bci\u0105.<\/span><\/h3>\n<\/li>\n<li>\n<h3><span style=\"color: #000000;\">Dzisiaj ostatni dzie\u0144 2017 roku. Na Mszy \u015awi\u0119tej o godz. 18.00 w spos\u00f3b szczeg\u00f3lny dzi\u0119kowa\u0107 b\u0119dziemy Panu Bogu za wszystko, co otrzymali\u015bmy w mijaj\u0105cym roku i prosi\u0107 o b\u0142ogos\u0142awie\u0144stwo na rok 2018.<\/span><\/h3>\n<\/li>\n<li>\n<h3><span style=\"color: #000000;\">Jutro Nowy Rok, a zarazem uroczysto\u015b\u0107 \u015bwi\u0119tej Bo\u017cej Rodzicielki Maryi &#8211; jest to dzie\u0144 nakazany do uczestnictwa w Mszy \u015awi\u0119tej. W naszym ko\u015bciele Msze o godz. 9.00, 11.00, 12.30, 18.00. Nie b\u0119dzie tego dnia Mszy \u015awi\u0119tej o godz. 7.30.<\/span><\/h3>\n<\/li>\n<li>\n<h3><span style=\"color: #000000;\">Od 2 stycznia rozpoczynamy kol\u0119d\u0119. W czasie kol\u0119dy ulega zmianie rozk\u0142ad Mszy \u015awi\u0119tych i godziny urz\u0119dowania kancelarii. Od poniedzia\u0142ku do pi\u0105tku b\u0119dzie sprawowana o 7.30 Msza \u015awi\u0119ta poranna. Nie b\u0119dzie w tym czasie od poniedzia\u0142ku do pi\u0105tku Mszy \u015awi\u0119tej o godz. 17.00. W sobot\u0119 i niedziel\u0119 Msze \u015awi\u0119te bez zmian. Kancelaria w tym czasie jest otwarta od poniedzia\u0142ku do pi\u0105tku rano o godz. 8.00.<\/span><\/h3>\n<\/li>\n<li>\n<h2><strong><span style=\"color: #000000;\">PLAN KOL\u0118DY:<\/span> &gt;&gt;<a href=\"http:\/\/www.mbfatimska.pl\/plan-koledy-parafialnej-2017\/\"><span style=\"color: #ff0000;\">TUTAJ<\/span><\/a>&lt;&lt;<\/strong><\/h2>\n<\/li>\n<li>\n<h3><span style=\"color: #000000;\">W tym tygodniu przypada:<\/span><\/h3>\n<h3><span style=\"color: #000000;\"> I-szy czwartek &#8211; po Mszy \u015aw. o 18.00 adoracja do godz. 21.00.<\/span><\/h3>\n<h3><span style=\"color: #000000;\"> I-szy pi\u0105tek &#8211; spowied\u017a od 16.30.<\/span><\/h3>\n<h3><span style=\"color: #000000;\"> I-sza sobota (Trzech Kr\u00f3li) &#8211; po Mszy \u015aw. o 18.00 nabo\u017ce\u0144stwo wynagradzaj\u0105ce Niepokalanemu Sercu Maryi oraz adoracja do 20.30.<\/span><\/h3>\n<h3><span style=\"color: #000000;\"> I-sza niedziela &#8211; po Mszy \u015awi\u0119tej o godz. 12.30 wystawienie Naj\u015bwi\u0119tszego Sakramentu i mo\u017cliwo\u015b\u0107 adoracji do 17.45. O godz. 15.00 wsp\u00f3lnie z Domowym Ko\u015bcio\u0142em odm\u00f3wimy Koronk\u0119 do Mi\u0142osierdzia Bo\u017cego. Tego dnia o godz. 13.30 w salce pod zakrysti\u0105 zebranie dla K\u00f3\u0142 \u017bywego R\u00f3\u017ca\u0144ca.<\/span><\/h3>\n<\/li>\n<li>\n<h3><span style=\"color: #000000;\">W przysz\u0142\u0105 niedziel\u0119 o godz. 16.30 w sali pod zakrysti\u0105 spotkanie dla kandydat\u00f3w do sakramentu bierzmowania. Kandydatom przypominamy o obowi\u0105zku spowiedzi \u015bwi\u0119tej w najbli\u017cszy pi\u0105tek.<br \/>\n<\/span><\/h3>\n<\/li>\n<li>\n<h3><span style=\"color: #000000;\">W przysz\u0142\u0105 niedziel\u0119 o godz. 17.00 w szarych pawilonach spotkanie dla wszystkich zapisanych oraz nowych ch\u0119tnych na pielgrzymk\u0119 do Rzymu na pocz\u0105tku czerwca.<\/span><\/h3>\n<\/li>\n<li>\n<h3><span style=\"color: #000000;\">W sobot\u0119 obchodzi\u0107 b\u0119dziemy Uroczysto\u015b\u0107 Objawienia Pa\u0144skiego, tzw. \u015bwi\u0119to Trzech Kr\u00f3li. Msze \u015awi\u0119te jak w ka\u017cd\u0105 niedziel\u0119 (7.30, 9.00, 11.00, 12.30, 18.00). Na ka\u017cdej Mszy \u015awi\u0119tej obrz\u0119d po\u015bwi\u0119cenia kredy i kadzid\u0142a.<\/span><\/h3>\n<\/li>\n<li>\n<h3><span style=\"color: #000000;\">W sobot\u0119 po Mszy \u015awi\u0119tej o godz. 18.00 w sali pod zakrysti\u0105 spotkanie dla Rycerzy \u015bw. Jana Paw\u0142a II.<\/span><\/h3>\n<\/li>\n<li>\n<h3><span style=\"color: #000000;\">Dnia 6 stycznia w\u0142adze naszego miasta zapraszaj\u0105 do wzi\u0119cia udzia\u0142u w orszaku Trzech Kr\u00f3li. Pocz\u0105tek o 10.00 pod ratuszem, o 11.00 wraz z wsp\u00f3lnym kol\u0119dowaniem wyruszy poch\u00f3d w stron\u0119 ko\u015bcio\u0142a garnizonowego gdzie o 11.30 zostanie odprawiona uroczysta Msza \u015awi\u0119ta.<\/span><\/h3>\n<\/li>\n<li>\n<h3><span style=\"color: #000000;\">R\u00f3wnie\u017c w Uroczysto\u015b\u0107 Trzech Kr\u00f3li w ko\u015bciele Naj\u015bwi\u0119tszego Cia\u0142a i Krwi Chrystusa w Legionowie o godz. 19.00 odb\u0119dzie si\u0119 koncert kol\u0119d w wykonaniu Legionowskiego Ch\u00f3ru Kameralnego pod kierownictwem Doroty Bonis\u0142awskiej. W czasie koncertu b\u0119d\u0105 obok tradycyjnych i popularnych kol\u0119d \u015bpiewane tak\u017ce zupe\u0142nie nieznane utwory jak &#8222;Legionowska Kol\u0119da&#8221;.<\/span><\/h3>\n<\/li>\n<li>\n<h3><span style=\"color: #000000;\">W przysz\u0142\u0105 niedziel\u0119 po Mszy \u015awi\u0119tej o godz. 11.00 wymiana tajemnic r\u00f3\u017ca\u0144cowych dzieci i rodzic\u00f3w nale\u017c\u0105cych do K\u00f3\u0142 \u017bywego R\u00f3\u017ca\u0144ca.<\/span><\/h3>\n<\/li>\n<li>\n<h3><span style=\"color: #000000;\">R\u00f3wnie\u017c za tydzie\u0144, r\u00f3wnie\u017c po Mszy \u015awi\u0119tej o godz. 11.00 rozstrzygni\u0119cie konkursu na szopk\u0119 bo\u017conarodzeniow\u0105.<\/span><\/h3>\n<\/li>\n<li>\n<h3><span style=\"color: #000000;\">W pi\u0105tek, sobot\u0119 i niedziel\u0119 na g\u00f3rnym parkingu b\u0119dzie zbierana makulatura z przeznaczeniem na misje.<\/span><\/h3>\n<\/li>\n<li>\n<h3><span style=\"color: #000000;\">W pi\u0105tek o godz. 19.00 w ko\u015bciele konferencja chrzcielna. Zapraszamy na ni\u0105 rodzic\u00f3w, kt\u00f3rzy w najbli\u017cszym czasie planuj\u0105 chrzest swojego dziecka oraz kandydat\u00f3w na rodzic\u00f3w chrzestnych. Jednym z warunk\u00f3w uzyskania za\u015bwiadczenia na rodzica chrzestnego jest uczestnictwo w katechezie chrzcielnej.<\/span><\/h3>\n<\/li>\n<\/ol>\n","protected":false},"excerpt":{"rendered":"<p>Na dzisiejsz\u0105 niedziel\u0119 Konferencja Episkopatu Polski przygotowa\u0142a do nas s\u0142owo. Jest ono dost\u0119pne &gt;&gt;TUTAJ&lt;&lt;. Dzisiaj go\u015bcimy w naszej Parafii duet z Ukrainy, kt\u00f3ry przez \u015bpiew i muzyk\u0119 u\u015bwietnia nasz\u0105 modlitw\u0119 na Mszach \u015awi\u0119tych. Po Mszach muzycy dadz\u0105 mini koncert, a przed ko\u015bcio\u0142em b\u0119dzie mo\u017cna kupi\u0107 p\u0142yty z ich tw\u00f3rczo\u015bci\u0105. Dzisiaj ostatni dzie\u0144 2017 roku. Na [&hellip;]<\/p>\n","protected":false},"author":1,"featured_media":481,"comment_status":"closed","ping_status":"closed","sticky":false,"template":"","format":"standard","meta":{"footnotes":""},"categories":[14],"tags":[],"class_list":["post-6706","post","type-post","status-publish","format-standard","has-post-thumbnail","hentry","category-ogloszenia-parafialne"],"_links":{"self":[{"href":"https:\/\/mbfatimska.ovh\/index.php\/wp-json\/wp\/v2\/posts\/6706","targetHints":{"allow":["GET"]}}],"collection":[{"href":"https:\/\/mbfatimska.ovh\/index.php\/wp-json\/wp\/v2\/posts"}],"about":[{"href":"https:\/\/mbfatimska.ovh\/index.php\/wp-json\/wp\/v2\/types\/post"}],"author":[{"embeddable":true,"href":"https:\/\/mbfatimska.ovh\/index.php\/wp-json\/wp\/v2\/users\/1"}],"replies":[{"embeddable":true,"href":"https:\/\/mbfatimska.ovh\/index.php\/wp-json\/wp\/v2\/comments?post=6706"}],"version-history":[{"count":0,"href":"https:\/\/mbfatimska.ovh\/index.php\/wp-json\/wp\/v2\/posts\/6706\/revisions"}],"wp:featuredmedia":[{"embeddable":true,"href":"https:\/\/mbfatimska.ovh\/index.php\/wp-json\/wp\/v2\/media\/481"}],"wp:attachment":[{"href":"https:\/\/mbfatimska.ovh\/index.php\/wp-json\/wp\/v2\/media?parent=6706"}],"wp:term":[{"taxonomy":"category","embeddable":true,"href":"https:\/\/mbfatimska.ovh\/index.php\/wp-json\/wp\/v2\/categories?post=6706"},{"taxonomy":"post_tag","embeddable":true,"href":"https:\/\/mbfatimska.ovh\/index.php\/wp-json\/wp\/v2\/tags?post=6706"}],"curies":[{"name":"wp","href":"https:\/\/api.w.org\/{rel}","templated":true}]}}