{"id":7157,"date":"2018-03-31T21:30:00","date_gmt":"2018-03-31T21:30:00","guid":{"rendered":"http:\/\/www.mbfatimska.pl\/?p=7157"},"modified":"2018-03-31T21:30:00","modified_gmt":"2018-03-31T21:30:00","slug":"niedziela-zmartwychwstania-panskiego-01-04-2018r","status":"publish","type":"post","link":"https:\/\/mbfatimska.ovh\/index.php\/2018\/03\/31\/niedziela-zmartwychwstania-panskiego-01-04-2018r\/","title":{"rendered":"Niedziela Zmartwychwstania Pa\u0144skiego &#8211; 01.04.2018r."},"content":{"rendered":"<ol>\n<li>\n<h3><span style=\"color: #000000;\">Sk\u0142adamy serdeczne podzi\u0119kowania tym, kt\u00f3rzy przyczynili si\u0119 do organizacji, dekoracji i g\u0142\u0119bokiego prze\u017cycia Triduum Paschalnego:<\/span><\/h3>\n<h3><span style=\"color: #000000;\">&#8211; panu Ireneuszowi P\u00f3\u0142g\u0119skowi za relacj\u0119 fotograficzn\u0105 naszych liturgii,<\/span><\/h3>\n<h3><span style=\"color: #000000;\">&#8211; paniom i panom, kt\u00f3rzy budowali Ciemnic\u0119 i Gr\u00f3b Pa\u0144ski,<\/span><\/h3>\n<h3><span style=\"color: #000000;\">&#8211; paniom i panom sprz\u0105taj\u0105cym teren ko\u015bcielny,<\/span><\/h3>\n<h3><span style=\"color: #000000;\">&#8211; Warsztatom Terapii Zaj\u0119ciowej \u015bw. Rity, podopiecznym i wychowawcom za nasadzanie kwiat\u00f3w i uruchomienie fontann,<\/span><\/h3>\n<h3><span style=\"color: #000000;\">&#8211; osobom przygotowuj\u0105cym i zabezpieczaj\u0105cym tras\u0119 naszej Ekstremalnej Drogi Krzy\u017cowej,<\/span><\/h3>\n<h3><span style=\"color: #000000;\">&#8211; scholi pod kierownictwem p. Anity Rodak za opraw\u0119 muzyczn\u0105,<\/span><\/h3>\n<h3><span style=\"color: #000000;\">&#8211; p. Dorocie Bonis\u0142awskiej, naszej organistce za opraw\u0119 organow\u0105,<\/span><\/h3>\n<h3><span style=\"color: #000000;\">&#8211; p. Jackowi Zawadzie, naszemu ko\u015bcielnemu za pomoc w kwestiach formalnych naszych obu Dr\u00f3g Krzy\u017cowych, a tak\u017ce Procesji Rezurekcyjnej i przygotowaniu liturgicznemu ko\u015bcio\u0142a, <\/span><\/h3>\n<h3><span style=\"color: #000000;\">&#8211; pp. Wies\u0142awowi i Jadwidze Nawrockim za dba\u0142o\u015b\u0107 codzienn\u0105 i \u015bwi\u0105teczn\u0105 w kwestii czysto\u015bci naszej \u015bwi\u0105tyni,<\/span><\/h3>\n<h3><span style=\"color: #000000;\">&#8211; Stra\u017cy Miejskiej i Policji za zabezpieczenie tras Dr\u00f3g Krzy\u017cowych i Procesji Rezurekcyjnej,<\/span><\/h3>\n<h3><span style=\"color: #000000;\">&#8211; ksi\u0119\u017com Arkadiuszowi, Zdzis\u0142awowi i Wojciechowi za pos\u0142ug\u0119 w konfesjonale i czynny udzia\u0142 w liturgiach Triduum Paschalnego,<\/span><\/h3>\n<h3><span style=\"color: #000000;\">&#8211; ministrantom, lektorom i bielankom za gorliw\u0105 s\u0142u\u017cb\u0119.<\/span><\/h3>\n<\/li>\n<li>\n<h3><span style=\"color: #000000;\">Dzisiaj Niedziela Zmartwychwstania Pa\u0144skiego &#8211; Msze \u015awi\u0119te o godz. 6.30 (Rezurekcja), 11.00, 12.30 (chrzcielna), 14.00(\u015blubna), a tak\u017ce wieczorem o 18.00. Dzisiaj nie ma Mszy o 7.30 i 9.00. <\/span><\/h3>\n<\/li>\n<li>\n<h3><span style=\"color: #000000;\">Jutro Poniedzia\u0142ek Wielkanocny, Drugi Dzie\u0144 \u015awi\u0105t. Tego Dnia Msze \u015awi\u0119te wed\u0142ug porz\u0105dku niedzielnego, czyli 7.30, 9.00, 11.00, 12.30(chrzcielna), 18.00. Jutro prze\u017cywamy tak\u017ce 13-t\u0105 rocznic\u0119 \u015bmierci \u015bw. Jana Paw\u0142a II. O godz. 21.00 zapraszamy pod pomnik \u015bw. Jana Paw\u0142a II na wsp\u00f3ln\u0105 modlitw\u0119 r\u00f3\u017ca\u0144cow\u0105. <\/span><\/h3>\n<\/li>\n<li>\n<h3><span style=\"color: #000000;\">Do niedzieli Mi\u0142osierdzia w ko\u015bciele po wieczornej Mszy \u015awi\u0119tej (w \u015bwi\u0119ta o godz. 17.45) b\u0119dziemy modli\u0107 si\u0119 Koronk\u0105 do Bo\u017cego Mi\u0142osierdzia w ramach nowenny przed \u015awi\u0119tem Mi\u0142osierdzia. <\/span><\/h3>\n<\/li>\n<li>\n<h3><span style=\"color: #000000;\">W tym tygodniu przypada:<\/span><\/h3>\n<h3><span style=\"color: #000000;\">&#8211; I-szy czwartek miesi\u0105ca &#8211; adoracja do godz. 21.00;<\/span><\/h3>\n<h3><span style=\"color: #000000;\">&#8211; I-szy pi\u0105tek miesi\u0105ca &#8211; spowied\u017a od godz. 16.30;<\/span><\/h3>\n<h3><span style=\"color: #000000;\">&#8211; I-sza sobota miesi\u0105ca &#8211; nabo\u017ce\u0144stwo wynagradzaj\u0105ce Niepokalanemu Sercu Naj\u015bwi\u0119tszej Maryi Panny po Mszy \u015awi\u0119tej o godz. 18.00 i trwa\u0107 b\u0119dzie do godz. 20.00;<\/span><\/h3>\n<h3><span style=\"color: #000000;\">&#8211; I-sza niedziela miesi\u0105ca &#8211; wystawienie Naj\u015bwi\u0119tszego Sakramentu po Mszy \u015awi\u0119tej o godz. 12.30 i trwa\u0107 b\u0119dzie do godz. 17.45;<\/span><\/h3>\n<\/li>\n<li>\n<h3><span style=\"color: #000000;\">W pi\u0105tek na godz. 16.00 zapraszamy wszystkie dzieci, kt\u00f3re chodzi\u0142y do naszego ko\u015bcio\u0142a na nabo\u017ce\u0144stwa Drogi Krzy\u017cowej. Nale\u017cy przynie\u015b\u0107 ze sob\u0105 plansz\u0119 z naklejkami. <\/span><\/h3>\n<\/li>\n<li>\n<h3><span style=\"color: #000000;\">Dnia 7 kwietnia (sobota) w ko\u015bciele pw. Naj\u015bwi\u0119tszego Cia\u0142a i Krwi Chrystusa w Legionowie odb\u0119dzie si\u0119 wiecz\u00f3r po\u015bwi\u0119cony \u015bw. Janowi Paw\u0142owi II w zwi\u0105zku z 13-t\u0105 rocznic\u0105 \u015bmierci Papie\u017ca. <\/span><\/h3>\n<\/li>\n<li>\n<h3><span style=\"color: #000000;\">Za tydzie\u0144 Niedziela Mi\u0142osierdzia Bo\u017cego. Zapraszamy tego dnia na godz. 15.00 do ko\u015bcio\u0142a na godzin\u0119 specjalnych \u0142ask. B\u0119dziemy wsp\u00f3lnie modli\u0107 si\u0119 Koronk\u0105 do Bo\u017cego Mi\u0142osierdzia i rozwa\u017ca\u0107 Or\u0119dzie Bo\u017cego Mi\u0142osierdzia. <\/span><\/h3>\n<\/li>\n<li>\n<h3><span style=\"color: #000000;\">Tak\u017ce w przysz\u0142\u0105 niedziel\u0119 po Mszy \u015awi\u0119tej o godz. 11.00 rozstrzygni\u0119cie konkursu na pisank\u0119 i palm\u0119 wielkanocn\u0105. Po tej Mszy \u015awi\u0119tej tak\u017ce wymiana tajemnic r\u00f3\u017ca\u0144cowych dla dzieci. <\/span><\/h3>\n<\/li>\n<li>\n<h3><span style=\"color: #000000;\">R\u00f3wnie\u017c za tydzie\u0144 o godz. 19.00 rozpoczynamy now\u0105 edycj\u0119 kursu przedma\u0142\u017ce\u0144skiego. Konferencje odbywa\u0107 si\u0119 b\u0119d\u0105 w szarych pawilonach. <\/span><\/h3>\n<\/li>\n<li>\n<h3><span style=\"color: #000000;\">W pi\u0105tek i w sobot\u0119 na g\u00f3rnym parkingu zbi\u00f3rka makulatury z przeznaczeniem na misje. <\/span><\/h3>\n<\/li>\n<li>\n<h3><span style=\"color: #000000;\">S\u0105 jeszcze wolne miejsca na samolotow\u0105 pielgrzymk\u0119 do Rzymu i Castel Gandolfo w dniach 9-14 czerwca 2018 roku oraz do Grecji szklakiem \u015bw. Paw\u0142a Aposto\u0142a w dniach 14 &#8211; 21 pa\u017adziernika 2018 roku. <\/span><\/h3>\n<\/li>\n<li>\n<h3><span style=\"color: #000000;\">Spotkanie dla wyje\u017cd\u017caj\u0105cych do Rzymu i ch\u0119tnych w sobot\u0119 o godz. 19.00 w salce pod zakrysti\u0105. <\/span><\/h3>\n<\/li>\n<li>\n<h3><span style=\"color: #000000;\">Spotkanie dla wyje\u017cd\u017caj\u0105cych do Grecji i ch\u0119tnych w sobot\u0119 o godz. 19.30 w salce pod zakrysti\u0105. Na spotkanie nale\u017cy przynie\u015b\u0107 drug\u0105 cz\u0119\u015b\u0107 odp\u0142atno\u015bci za wyjazd.<\/span><\/h3>\n<\/li>\n<\/ol>\n","protected":false},"excerpt":{"rendered":"<p>Sk\u0142adamy serdeczne podzi\u0119kowania tym, kt\u00f3rzy przyczynili si\u0119 do organizacji, dekoracji i g\u0142\u0119bokiego prze\u017cycia Triduum Paschalnego: &#8211; panu Ireneuszowi P\u00f3\u0142g\u0119skowi za relacj\u0119 fotograficzn\u0105 naszych liturgii, &#8211; paniom i panom, kt\u00f3rzy budowali Ciemnic\u0119 i Gr\u00f3b Pa\u0144ski, &#8211; paniom i panom sprz\u0105taj\u0105cym teren ko\u015bcielny, &#8211; Warsztatom Terapii Zaj\u0119ciowej \u015bw. Rity, podopiecznym i wychowawcom za nasadzanie kwiat\u00f3w i uruchomienie [&hellip;]<\/p>\n","protected":false},"author":1,"featured_media":481,"comment_status":"closed","ping_status":"closed","sticky":false,"template":"","format":"standard","meta":{"footnotes":""},"categories":[14],"tags":[],"class_list":["post-7157","post","type-post","status-publish","format-standard","has-post-thumbnail","hentry","category-ogloszenia-parafialne"],"_links":{"self":[{"href":"https:\/\/mbfatimska.ovh\/index.php\/wp-json\/wp\/v2\/posts\/7157","targetHints":{"allow":["GET"]}}],"collection":[{"href":"https:\/\/mbfatimska.ovh\/index.php\/wp-json\/wp\/v2\/posts"}],"about":[{"href":"https:\/\/mbfatimska.ovh\/index.php\/wp-json\/wp\/v2\/types\/post"}],"author":[{"embeddable":true,"href":"https:\/\/mbfatimska.ovh\/index.php\/wp-json\/wp\/v2\/users\/1"}],"replies":[{"embeddable":true,"href":"https:\/\/mbfatimska.ovh\/index.php\/wp-json\/wp\/v2\/comments?post=7157"}],"version-history":[{"count":0,"href":"https:\/\/mbfatimska.ovh\/index.php\/wp-json\/wp\/v2\/posts\/7157\/revisions"}],"wp:featuredmedia":[{"embeddable":true,"href":"https:\/\/mbfatimska.ovh\/index.php\/wp-json\/wp\/v2\/media\/481"}],"wp:attachment":[{"href":"https:\/\/mbfatimska.ovh\/index.php\/wp-json\/wp\/v2\/media?parent=7157"}],"wp:term":[{"taxonomy":"category","embeddable":true,"href":"https:\/\/mbfatimska.ovh\/index.php\/wp-json\/wp\/v2\/categories?post=7157"},{"taxonomy":"post_tag","embeddable":true,"href":"https:\/\/mbfatimska.ovh\/index.php\/wp-json\/wp\/v2\/tags?post=7157"}],"curies":[{"name":"wp","href":"https:\/\/api.w.org\/{rel}","templated":true}]}}