{"id":7618,"date":"2018-05-12T21:08:23","date_gmt":"2018-05-12T21:08:23","guid":{"rendered":"http:\/\/www.mbfatimska.pl\/?p=7618"},"modified":"2018-05-12T21:08:23","modified_gmt":"2018-05-12T21:08:23","slug":"odpust-matki-bozej-fatimskiej-13-05-2018r","status":"publish","type":"post","link":"https:\/\/mbfatimska.ovh\/index.php\/2018\/05\/12\/odpust-matki-bozej-fatimskiej-13-05-2018r\/","title":{"rendered":"Odpust Matki Bo\u017cej Fatimskiej &#8211; 13.05.2018r."},"content":{"rendered":"<ol>\n<li>\n<h2><span style=\"color: #000000;\"><strong>Dzisiaj 13 maja w naszej Parafii prze\u017cywamy uroczysto\u015b\u0107 odpustow\u0105. Uroczyst\u0105 Msz\u0119 \u015awi\u0119t\u0105 o godz. 12.30 i procesj\u0119 r\u00f3\u017ca\u0144cow\u0105 poprowadzi pochodz\u0105cy z naszej Parafii ks. kanonik Maciej Mi\u0119tek &#8211; obecnie Notariusz Kurii Warszawsko &#8211; Praskiej. Pe\u0142en program uroczysto\u015bci <a href=\"http:\/\/www.mbfatimska.pl\/zapraszamy-na-odpust-parafialny-niedziela-13-maja-2018-godz-12-30\/\">&gt;&gt;<span style=\"color: #ff0000;\">TUTAJ<\/span>&lt;&lt;<\/a>.<\/strong> <\/span><\/h2>\n<\/li>\n<li>\n<h3><span style=\"color: #000000;\">Wczoraj 184 dzieci na Mszach \u015awi\u0119tych o godz. 10.00 i 12.00 przyst\u0105pi\u0142o do Pierwszej Komunii \u015awi\u0119tej. Dzisiaj na Mszy \u015awi\u0119tej o godz. 17.00 prze\u017cywa\u0107 b\u0119d\u0105 Bia\u0142y Tydzie\u0144. Dzieciom \u017cyczymy trwa\u0142ego zaprzyja\u017anienia si\u0119 z Chrystusem Eucharystycznym, a rodzicom aby byli dobrymi przewodnikami w drodze do \u015bwi\u0119to\u015bci. <\/span><\/h3>\n<\/li>\n<li>\n<h3><span style=\"color: #000000;\">Jutro nabo\u017ce\u0144stwo majowe wyj\u0105tkowo po Mszy \u015awi\u0119tej o 18.00. <\/span><\/h3>\n<\/li>\n<li>\n<h3><span style=\"color: #000000;\">R\u00f3wnie\u017c jutro od godz. 16.00 spowied\u017a dla dzieci i rodzic\u00f3w przed Rocznic\u0105 Komunii \u015awi\u0119tej, kt\u00f3ra b\u0119dzie mia\u0142a miejsce w najbli\u017csz\u0105 sobot\u0119 o godz. 10.00.<\/span><\/h3>\n<\/li>\n<li>\n<h3><span style=\"color: #000000;\">W poniedzia\u0142ek \u015bwi\u0119to \u015bw. Macieja, a w \u015brod\u0119 \u015bwi\u0119to \u015bw. Bart\u0142omieja. Zapraszamy na Msze \u015awi\u0119te o 18.00 i 19.00. W naszych modlitwach pami\u0119tajmy o solenizantach.<\/span><\/h3>\n<\/li>\n<li>\n<h3><span style=\"color: #000000;\">W tym tygodniu przedstawiciele naszej Parafii mog\u0105 zapuka\u0107 do naszych dom\u00f3w zbieraj\u0105c ofiary na kwiaty i dekoracje na Bo\u017ce Cia\u0142o, kt\u00f3re w tym roku b\u0119dzie 31 maja. <\/span><\/h3>\n<\/li>\n<li>\n<h3><span style=\"color: #000000;\">S\u0105 jeszcze wolne miejsca na samolotow\u0105 pielgrzymk\u0119 do Rzymu i wielu innych interesuj\u0105cych miejsc, kt\u00f3re w wi\u0119kszo\u015bci tradycyjnych pielgrzymek nie s\u0105 dost\u0119pne. Wi\u0119cej informacji w zakrystii. <\/span><\/h3>\n<\/li>\n<li>\n<h3><span style=\"color: #000000;\">W przysz\u0142\u0105 niedziel\u0119 go\u015bci\u0107 b\u0119dziemy osoby niepe\u0142nosprawne zrzeszone w Kole Dzieci specjalnej troski, kt\u00f3re to osoby b\u0119d\u0105 rozprowadza\u0107 znaczki z logo TPD i w ten spos\u00f3b zbiera\u0107 fundusze na turnusy rehabilitacyjne w wakacje. <\/span><\/h3>\n<\/li>\n<li>\n<h3><span style=\"color: #000000;\">W przysz\u0142\u0105 niedziel\u0119 prze\u017cywa\u0107 b\u0119dziemy Uroczysto\u015b\u0107 Zes\u0142ania Ducha \u015awi\u0119tego, czyli Zielonych \u015awi\u0105tek, kt\u00f3ra ko\u0144czy okres Wielkanocy. Zapytajmy si\u0119 czy w tym czasie skorzystali\u015bmy ze Spowiedzi i Komunii \u015awi\u0119tej. <\/span><\/h3>\n<\/li>\n<li>\n<h3><span style=\"color: #000000;\">W sobot\u0119 przed Uroczysto\u015bci\u0105 Zes\u0142ania Ducha \u015awi\u0119tego zapraszamy na Msz\u0119 \u015awi\u0119t\u0105 o godz. 19.00, a nast\u0119pnie na nabo\u017ce\u0144stwo majowe i adoracj\u0119 Naj\u015bwi\u0119tszego Sakramentu do godz. 22.00. O godz. 21.00 zapraszamy do w\u0142\u0105czenia si\u0119 w adoracj\u0119 prowadzon\u0105 przez Kr\u0119gi Domowego Ko\u015bcio\u0142a. O godz. 22.00 ka\u017cdy z nas b\u0119dzie mia\u0142 mo\u017cliwo\u015b\u0107 przyst\u0105pienia przed o\u0142tarzem do indywidualnego b\u0142ogos\u0142awie\u0144stwa Naj\u015bwi\u0119tszym Sakramentem.<\/span><\/h3>\n<\/li>\n<li>\n<h3><span style=\"color: #000000;\">W przysz\u0142\u0105 niedziel\u0119 po Mszy \u015awi\u0119tej o godz. 11.00 wymiana tajemnic r\u00f3\u017ca\u0144cowych dla dzieci i rodzic\u00f3w modl\u0105cych si\u0119 na R\u00f3\u017ca\u0144cu w naszych Rodzinnych Ko\u0142ach R\u00f3\u017ca\u0144cowych.<\/span><\/h3>\n<\/li>\n<li>\n<h3><span style=\"color: #000000;\">Zach\u0119camy do lektury prasy katolickiej. <\/span><\/h3>\n<\/li>\n<li>\n<h3><span style=\"color: #000000;\">Zapraszamy po Mszach \u015awi\u0119tych o 9.00, 11.00, 12.30 do naszej kawiarenki parafialnej na gofry, ciasto, kaw\u0119, herbat\u0119 i inne smako\u0142yki. Tradycyjnie zapraszamy do darmowej degustacji chleba domowego wypieku, a tak\u017ce wiejskiego smalcu. Dost\u0119pna r\u00f3wnie\u017c nowo\u015b\u0107, specja\u0142 rodzic\u00f3w naszych ministrant\u00f3w i os\u00f3b ze scholi &#8211; owocowy shake.<\/span><\/h3>\n<\/li>\n<\/ol>\n","protected":false},"excerpt":{"rendered":"<p>Dzisiaj 13 maja w naszej Parafii prze\u017cywamy uroczysto\u015b\u0107 odpustow\u0105. Uroczyst\u0105 Msz\u0119 \u015awi\u0119t\u0105 o godz. 12.30 i procesj\u0119 r\u00f3\u017ca\u0144cow\u0105 poprowadzi pochodz\u0105cy z naszej Parafii ks. kanonik Maciej Mi\u0119tek &#8211; obecnie Notariusz Kurii Warszawsko &#8211; Praskiej. Pe\u0142en program uroczysto\u015bci &gt;&gt;TUTAJ&lt;&lt;. Wczoraj 184 dzieci na Mszach \u015awi\u0119tych o godz. 10.00 i 12.00 przyst\u0105pi\u0142o do Pierwszej Komunii \u015awi\u0119tej. Dzisiaj [&hellip;]<\/p>\n","protected":false},"author":1,"featured_media":481,"comment_status":"closed","ping_status":"closed","sticky":false,"template":"","format":"standard","meta":{"footnotes":""},"categories":[14],"tags":[],"class_list":["post-7618","post","type-post","status-publish","format-standard","has-post-thumbnail","hentry","category-ogloszenia-parafialne"],"_links":{"self":[{"href":"https:\/\/mbfatimska.ovh\/index.php\/wp-json\/wp\/v2\/posts\/7618","targetHints":{"allow":["GET"]}}],"collection":[{"href":"https:\/\/mbfatimska.ovh\/index.php\/wp-json\/wp\/v2\/posts"}],"about":[{"href":"https:\/\/mbfatimska.ovh\/index.php\/wp-json\/wp\/v2\/types\/post"}],"author":[{"embeddable":true,"href":"https:\/\/mbfatimska.ovh\/index.php\/wp-json\/wp\/v2\/users\/1"}],"replies":[{"embeddable":true,"href":"https:\/\/mbfatimska.ovh\/index.php\/wp-json\/wp\/v2\/comments?post=7618"}],"version-history":[{"count":0,"href":"https:\/\/mbfatimska.ovh\/index.php\/wp-json\/wp\/v2\/posts\/7618\/revisions"}],"wp:featuredmedia":[{"embeddable":true,"href":"https:\/\/mbfatimska.ovh\/index.php\/wp-json\/wp\/v2\/media\/481"}],"wp:attachment":[{"href":"https:\/\/mbfatimska.ovh\/index.php\/wp-json\/wp\/v2\/media?parent=7618"}],"wp:term":[{"taxonomy":"category","embeddable":true,"href":"https:\/\/mbfatimska.ovh\/index.php\/wp-json\/wp\/v2\/categories?post=7618"},{"taxonomy":"post_tag","embeddable":true,"href":"https:\/\/mbfatimska.ovh\/index.php\/wp-json\/wp\/v2\/tags?post=7618"}],"curies":[{"name":"wp","href":"https:\/\/api.w.org\/{rel}","templated":true}]}}