{"id":7691,"date":"2018-05-26T09:45:36","date_gmt":"2018-05-26T09:45:36","guid":{"rendered":"http:\/\/www.mbfatimska.pl\/?p=7691"},"modified":"2018-05-26T09:45:36","modified_gmt":"2018-05-26T09:45:36","slug":"niedziela-trojcy-swietej-27-05-2018r","status":"publish","type":"post","link":"https:\/\/mbfatimska.ovh\/index.php\/2018\/05\/26\/niedziela-trojcy-swietej-27-05-2018r\/","title":{"rendered":"Niedziela Tr\u00f3jcy \u015awi\u0119tej &#8211; 27.05.2018r."},"content":{"rendered":"<ol>\n<li>\n<h3><span style=\"color: #000000;\">Dzisiaj po Mszy \u015awi\u0119tej o godz. 19.00 odb\u0119dzie si\u0119 okoliczno\u015bciowy koncert z okazji wczorajszego Dnia Matki. W programie utwory Bacha, Brahmsa, Mendelssohna. Serdecznie zapraszamy.<\/span><\/h3>\n<\/li>\n<li>\n<h3><span style=\"color: #000000;\">W tym tygodniu w czwartek uroczysto\u015b\u0107 Bo\u017cego Cia\u0142a. Zapraszamy na Msze \u015awi\u0119te o godz. 7.30, 9.00, 11.00, 19.00. Po Mszy \u015awi\u0119tej o godz. 11.00 wyruszy procesja Eucharystyczna do czterech o\u0142tarzy. Trasa ta sama co innymi laty. Zapraszamy dzieci komunijne i rocznicowe, aby wzi\u0119\u0142y udzia\u0142 w procesji w strojach liturgicznych. Tego dnia nie b\u0119dzie Mszy \u015awi\u0119tej o godz. 12.30. <\/span><\/h3>\n<\/li>\n<li>\n<h3><span style=\"color: #000000;\">Po Bo\u017cym Ciele b\u0119dziemy obchodzi\u0107 oktaw\u0119 tej Uroczysto\u015bci. Ka\u017cdego dnia z wyj\u0105tkiem niedzieli po nabo\u017ce\u0144stwie czerwcowym oko\u0142o 19.45 b\u0119dzie odbywa\u0107 si\u0119 procesja Eucharystyczna. W niedziel\u0119 za\u015b ta procesja odb\u0119dzie si\u0119 po Mszy \u015awi\u0119tej o godz. 12.30. <\/span><\/h3>\n<\/li>\n<li>\n<h3><span style=\"color: #000000;\">W tym tygodniu:<\/span><\/h3>\n<h3><span style=\"color: #000000;\">&#8211; I-szy pi\u0105tek miesi\u0105ca &#8211; spowied\u017a od 17.30 do 19.30<\/span><\/h3>\n<h3><span style=\"color: #000000;\">&#8211; I-sza sobota miesi\u0105ca &#8211; nabo\u017ce\u0144stwo wynagradzaj\u0105ce Niepokalanemu Sercu Naj\u015bwi\u0119tszej Maryi Pannie po procesji i adoracja do godz. 21.00<\/span><\/h3>\n<h3><span style=\"color: #000000;\">&#8211; I-sza niedziela miesi\u0105ca &#8211; po Mszy \u015awi\u0119tej o godz. 12.30 wystawienie Naj\u015bwi\u0119tszego Sakramentu i procesja Eucharystyczna. Po procesji mo\u017cliwo\u015b\u0107 adoracji do godz. 18.30.<\/span><\/h3>\n<\/li>\n<li>\n<h3><span style=\"color: #000000;\">W pi\u0105tek i sobot\u0119 na g\u00f3rnym parkingu zbi\u00f3rka makulatury z przeznaczeniem na misje. <\/span><\/h3>\n<\/li>\n<li>\n<h3><span style=\"color: #000000;\">W pi\u0105tek o godz. 20.00 w ko\u015bciele konferencja dla rodzic\u00f3w chc\u0105cych ochrzci\u0107 swoje dziecko w naszej Parafii, b\u0105d\u017a otrzyma\u0107 zgod\u0119 na chrzest w innej Parafii, ale tak\u017ce dla kandydat\u00f3w na chrzestnych, kt\u00f3rzy mieszkaj\u0105 na terenie naszej Parafii. Konferencja jest obowi\u0105zkowa. <\/span><\/h3>\n<\/li>\n<li>\n<h3><span style=\"color: #000000;\">Dyrekcja Niepublicznej Szko\u0142y Podstawowej im. \u015bw. Jana Paw\u0142a II serdecznie zaprasza na dzie\u0144 otwarty i festyn rodzinny w sobot\u0119, 9 czerwca w godz. 10.30 &#8211; 17.00 do szko\u0142y w Jab\u0142onnie przy ul. Modli\u0144skiej 105 A. W programie mi\u0119dzy innymi spotkanie z dyrekcj\u0105 i nauczycielami oraz liczne atrakcje dla dzieci i m\u0142odzie\u017cy. Szczeg\u00f3\u0142owy program znajduje si\u0119 na stronie internetowej szko\u0142y: www.szkolamilenium.pl<\/span><\/h3>\n<\/li>\n<li>\n<h3><span style=\"color: #000000;\">Dzi\u0119kujemy za prace porz\u0105dkowe na terenie ko\u015bcielnym w minionym tygodniu. Na pi\u0105tek i sobot\u0119 zapraszamy r\u00f3wnie\u017c do wsp\u00f3lnych prac porz\u0105dkowych.<\/span><\/h3>\n<\/li>\n<li>\n<h3><span style=\"color: #000000;\">Zapraszamy po Mszach \u015awi\u0119tych o 9.00, 11.00, 12.30 do naszej kawiarenki parafialnej na gofry, ciasto, kaw\u0119, herbat\u0119 i inne smako\u0142yki. Tradycyjnie zapraszamy do darmowej degustacji chleba domowego wypieku, a tak\u017ce wiejskiego smalcu.<\/span><\/h3>\n<\/li>\n<li>\n<h3><span style=\"color: #000000;\">Zach\u0119camy do lektury prasy katolickiej: &#8222;Idziemy&#8221;, &#8222;Go\u015b\u0107 Niedzielny&#8221;, &#8222;Niedziela&#8221;. <\/span><\/h3>\n<\/li>\n<\/ol>\n","protected":false},"excerpt":{"rendered":"<p>Dzisiaj po Mszy \u015awi\u0119tej o godz. 19.00 odb\u0119dzie si\u0119 okoliczno\u015bciowy koncert z okazji wczorajszego Dnia Matki. W programie utwory Bacha, Brahmsa, Mendelssohna. Serdecznie zapraszamy. W tym tygodniu w czwartek uroczysto\u015b\u0107 Bo\u017cego Cia\u0142a. Zapraszamy na Msze \u015awi\u0119te o godz. 7.30, 9.00, 11.00, 19.00. Po Mszy \u015awi\u0119tej o godz. 11.00 wyruszy procesja Eucharystyczna do czterech o\u0142tarzy. Trasa [&hellip;]<\/p>\n","protected":false},"author":1,"featured_media":481,"comment_status":"closed","ping_status":"closed","sticky":false,"template":"","format":"standard","meta":{"footnotes":""},"categories":[14],"tags":[],"class_list":["post-7691","post","type-post","status-publish","format-standard","has-post-thumbnail","hentry","category-ogloszenia-parafialne"],"_links":{"self":[{"href":"https:\/\/mbfatimska.ovh\/index.php\/wp-json\/wp\/v2\/posts\/7691","targetHints":{"allow":["GET"]}}],"collection":[{"href":"https:\/\/mbfatimska.ovh\/index.php\/wp-json\/wp\/v2\/posts"}],"about":[{"href":"https:\/\/mbfatimska.ovh\/index.php\/wp-json\/wp\/v2\/types\/post"}],"author":[{"embeddable":true,"href":"https:\/\/mbfatimska.ovh\/index.php\/wp-json\/wp\/v2\/users\/1"}],"replies":[{"embeddable":true,"href":"https:\/\/mbfatimska.ovh\/index.php\/wp-json\/wp\/v2\/comments?post=7691"}],"version-history":[{"count":0,"href":"https:\/\/mbfatimska.ovh\/index.php\/wp-json\/wp\/v2\/posts\/7691\/revisions"}],"wp:featuredmedia":[{"embeddable":true,"href":"https:\/\/mbfatimska.ovh\/index.php\/wp-json\/wp\/v2\/media\/481"}],"wp:attachment":[{"href":"https:\/\/mbfatimska.ovh\/index.php\/wp-json\/wp\/v2\/media?parent=7691"}],"wp:term":[{"taxonomy":"category","embeddable":true,"href":"https:\/\/mbfatimska.ovh\/index.php\/wp-json\/wp\/v2\/categories?post=7691"},{"taxonomy":"post_tag","embeddable":true,"href":"https:\/\/mbfatimska.ovh\/index.php\/wp-json\/wp\/v2\/tags?post=7691"}],"curies":[{"name":"wp","href":"https:\/\/api.w.org\/{rel}","templated":true}]}}