{"id":7693,"date":"2018-05-26T09:59:51","date_gmt":"2018-05-26T09:59:51","guid":{"rendered":"http:\/\/www.mbfatimska.pl\/?p=7693"},"modified":"2018-05-26T09:59:51","modified_gmt":"2018-05-26T09:59:51","slug":"uroczystosc-bozego-ciala-21-05-2018r-godz-11-00","status":"publish","type":"post","link":"https:\/\/mbfatimska.ovh\/index.php\/2018\/05\/26\/uroczystosc-bozego-ciala-21-05-2018r-godz-11-00\/","title":{"rendered":"Uroczysto\u015b\u0107 Bo\u017cego Cia\u0142a &#8211; 31.05.2018r., godz. 11.00."},"content":{"rendered":"<h2 style=\"text-align: left;\"><a href=\"http:\/\/www.mbfatimska.pl\/wp-content\/uploads\/2017\/06\/DSC_0130.jpg\"><img fetchpriority=\"high\" decoding=\"async\" class=\"wp-image-4819 alignright\" src=\"http:\/\/www.mbfatimska.pl\/wp-content\/uploads\/2017\/06\/DSC_0130-300x200.jpg\" alt=\"\" width=\"447\" height=\"298\" srcset=\"https:\/\/mbfatimska.ovh\/wp-content\/uploads\/2017\/06\/DSC_0130-300x200.jpg 300w, https:\/\/mbfatimska.ovh\/wp-content\/uploads\/2017\/06\/DSC_0130-768x512.jpg 768w, https:\/\/mbfatimska.ovh\/wp-content\/uploads\/2017\/06\/DSC_0130.jpg 1024w\" sizes=\"(max-width: 447px) 100vw, 447px\" \/><\/a><\/h2>\n<h2 style=\"text-align: center;\"><strong><span style=\"color: #ff0000;\">BO\u017bE CIA\u0141O 2018<\/span><\/strong><\/h2>\n<h2 style=\"text-align: left;\"><span style=\"color: #000080;\">Serdecznie zapraszamy na uroczyste obchody Bo\u017cego Cia\u0142a do Parafii Matki Bo\u017cej Fatimskiej. G\u0142owna Msza \u015awi\u0119ta b\u0119dzie odprawiona w dzie\u0144 uroczysto\u015bci, czyli 31 maja 2018 roku o <strong><span style=\"color: #ff0000;\">godz. 11.00<\/span><\/strong>. Po Eucharystii wyruszy procesja Eucharystyczna do czterech o\u0142tarzy po ulicach naszego miasta .<\/span><\/h2>\n<h2 style=\"text-align: center;\"><span style=\"color: #000080;\">Tego dnia Msze \u015awi\u0119te o godz. 7.30, 9.00, 11.00 oraz wieczorem o godz. 19.00. Ze wzgl\u0119du na procesj\u0119 po Mszy \u015awi\u0119tej o godz. 11.00 nie b\u0119dzie Mszy \u015awi\u0119tej o godz. 12.30.<\/span><\/h2>\n<h3 style=\"text-align: center;\"><span style=\"color: #ff0000;\">Jak zawsze podczas ka\u017cdej Mszy \u015awi\u0119tej mo\u017cliwo\u015b\u0107 Spowiedzi \u015bwi\u0119tej. Zach\u0119camy do niej, aby godnie prze\u017cy\u0107 to wielkie \u015bwi\u0119to.<\/span><\/h3>\n<p>&nbsp;<\/p>\n<p><strong><span style=\"color: #000080;\">HISTORIA UROCZYSTO\u015aCI BO\u017bEGO CIA\u0141A:<\/span><\/strong><\/p>\n<h4><span style=\"color: #000000;\">W dzisiejszej Belgii, w Mont-Cornillion niedaleko Liege (\u00f3wczesne Leodium), m\u0142oda zakonnica augustia\u0144ska Julianna otrzyma\u0142a w latach 1209-11 objawienia, podczas kt\u00f3rych Pan Jezus prosi\u0142 o ustanowienie \u015bwi\u0119ta Bo\u017cego Cia\u0142a. Zwierzy\u0142a si\u0119 z nich swemu spowiednikowi. Ten jednak zareagowa\u0142 stwierdzeniem: \u2013 Po co nowe \u015bwi\u0119to? Ustanowienie Naj\u015bwi\u0119tszego Sakramentu obchodzi si\u0119 uroczy\u015bcie w Wielki Czwartek, a Eucharystia czczona jest codziennie w odprawianych Mszach \u015bw.<\/span><br \/>\n<span style=\"color: #000000;\">Po dwudziestu latach, kiedy Julianna zosta\u0142a prze\u0142o\u017con\u0105 klasztoru, ponownie przekaza\u0142a t\u0119 pro\u015bb\u0119 archidiakonowi katedry w Liege \u2013 Jakubowi. Za jego namow\u0105 miejscowy biskup Robert w roku 1246 ustanowi\u0142 \u015bwi\u0119to Bo\u017cego Cia\u0142a dla swej diecezji. Dekret biskupa wywo\u0142a\u0142 zastrze\u017cenia miejscowego duchowie\u0144stwa, gdy\u017c wielu nie podoba\u0142a si\u0119 ta nowa pobo\u017cno\u015b\u0107. Dlatego jego nast\u0119pca uroczysto\u015b\u0107 zni\u00f3s\u0142. Archidiakon Jakub odwo\u0142a\u0142 si\u0119 jednak do przebywaj\u0105cego w\u00f3wczas na tych terenach legata papieskiego, dominikanina Hugona z Saint-Cher. Ten nie tylko pochwali\u0142 pomys\u0142, ale poleci\u0142 (1253) wprowadzenie \u015bwi\u0119ta w diecezjach podleg\u0142ych jego jurysdykcji.<\/span><\/h4>\n<h4><span style=\"color: #000000;\">Opatrzno\u015b\u0107 sprawi\u0142a, \u017ce archidiakon Jakub z Liege zosta\u0142 w roku 1261 wybrany papie\u017cem. Jako Urban IV rz\u0105dzi\u0142 Ko\u015bcio\u0142em zaledwie 3 lata, ale pod koniec pontyfikatu, 11 sierpnia 1264 r., bull\u0105 \u201eTransiturus\u201d poleci\u0142 obchodzi\u0107 \u015bwi\u0119to Bo\u017cego Cia\u0142a w ca\u0142ym Ko\u015bciele. Do podj\u0119cia tej decyzji przyczyni\u0142a si\u0119 wie\u015b\u0107 o cudzie, jaki zdarzy\u0142 si\u0119 w roku 1262 w miejscowo\u015bci Bolsena, po\u0142o\u017conej 100 km na p\u00f3\u0142noc od Rzymu, w sanktuarium \u015bw. Krystyny, kiedy przez nieostro\u017cno\u015b\u0107 kap\u0142ana kilkana\u015bcie konsekrowanych kropli wyla\u0142o si\u0119 na korpora\u0142 i zamieni\u0142o w krew, kt\u00f3ra pozostawi\u0142a na nim \u015blady. W 1264 r. przeniesiono skrwawiony korpora\u0142 w uroczystej procesji z sanktuarium w Bolsenie do kaplicy w katedrze w odleg\u0142ym o 20 km mie\u015bcie Orvieto (w tym okresie rezydowa\u0142 tam przez kilka lat papie\u017c).<\/span><\/h4>\n<h4><span style=\"color: #000000;\">Korpora\u0142 mo\u017cna dzi\u015b ogl\u0105da\u0107 w relikwiarzu w kaplicy katedry w Orvieto. W uroczysto\u015b\u0107 Bo\u017cego Cia\u0142a ulicami tego miasteczka przechodzi procesja, w kt\u00f3rej bierze udzia\u0142 kilkuset mieszka\u0144c\u00f3w w strojach z XIII wieku, co stanowi r\u00f3wnie\u017c niezwyk\u0142\u0105 atrakcj\u0119 turystyczn\u0105.<\/span><\/h4>\n<h4><span style=\"color: #000000;\">\u015aw. Tomasz z Akwinu napisa\u0142 na t\u0119 okoliczno\u015b\u0107 pi\u0119kne teksty: tzw. oficja mszalne i brewiarzowe. Stanowi\u0105 one wspania\u0142y pomnik \u2013 zar\u00f3wno teologiczny, jak i poetycki \u2013 kultu eucharystycznego, jak o\u017cywia\u0142 ludzi tamtej epoki. Opowiadano, \u017ce papie\u017c Urban IV poleci\u0142 u\u0142o\u017cenie tych oficj\u00f3w jednocze\u015bnie dominikaninowi Tomaszowi z Akwinu oraz uczonemu franciszkaninowi Bonawenturze, aby m\u00f3g\u0142 wybra\u0107 najpi\u0119kniejsze z nich. Kiedy w obliczu papieskiego dworu jako pierwszy zacz\u0105\u0142 czyta\u0107 sw\u00f3j tekst \u015bw. Tomasz, Bonawentura s\u0142ucha\u0142 zachwycony i w miar\u0119 czytania ukradkiem dar\u0142 sw\u00f3j r\u0119kopis na drobne kawa\u0142ki. Gdy papie\u017c poprosi\u0142 go o zaprezentowanie jego tekstu, wskaza\u0142 na podarte szcz\u0105tki i o\u015bwiadczy\u0142, \u017ce nie czuje si\u0119 na si\u0142ach wsp\u00f3\u0142zawodniczy\u0107 z Tomaszem.<\/span><\/h4>\n<h4><span style=\"color: #000000;\">\u015amier\u0107 Urbana IV (+1264) przeszkodzi\u0142a og\u0142oszeniu papieskiego dekretu. Wie\u015b\u0107 jednak o tej decyzji rozesz\u0142a si\u0119 po Europie i tak np. ju\u017c w latach 1270-79 urz\u0105dzano okaza\u0142e procesje w Kolonii. Wprowadza\u0142y je i inne miasta. Nowa forma eucharystycznej pobo\u017cno\u015bci zyskiwa\u0142a coraz liczniejszych zwolennik\u00f3w. Dopiero jednak papie\u017c Jan XXII, 50 lat p\u00f3\u017aniej, w roku 1317, og\u0142asza bull\u0119 Urbana IV.<\/span><br \/>\n<span style=\"color: #000000;\">\u015awi\u0119to Bo\u017cego Cia\u0142a przyjmuje si\u0119 szybko w ca\u0142ym Ko\u015bciele. Na ulice miast Italii, Francji, Anglii, Hiszpanii, Niemiec, Polski wychodz\u0105 eucharystyczne procesje. Wkr\u00f3tce w uroczysto\u015b\u0107 Bo\u017cego Cia\u0142a maj\u0105 one miejsce we wszystkich parafiach. Bior\u0105 w nich udzia\u0142 w\u0142adze miejskie, wojsko, cechy rzemie\u015blnicze, liczne bractwa ozdabia si\u0119 domy, a ulice, po kt\u00f3rych ma przechodzi\u0107 procesja, dekoruje si\u0119 dywanami z kwiat\u00f3w.<\/span><br \/>\n<span style=\"color: #000000;\">Tworzenie si\u0119 tej nowej formy eucharystycznego kultu nale\u017cy widzie\u0107 w kontek\u015bcie zagro\u017ce\u0144 n\u0119kaj\u0105cych \u00f3wczesnych ludzi: epidemii i wojen. Procesje eucharystyczne wyruguj\u0105 z czasem tak popularne przedtem procesje biczownik\u00f3w, kt\u00f3re mia\u0142y odwraca\u0107 nieszcz\u0119\u015bcia.<\/span><\/h4>\n<h4><span style=\"color: #000000;\">W Polsce pierwsza z procesji Bo\u017cego Cia\u0142a przesz\u0142a ulicami Krakowa w roku 1320 i prawdopodobnie w tym samym roku lub nied\u0142ugo potem podobne procesje urz\u0105dzono w Gnie\u017anie, Poznaniu, Wroc\u0142awiu, P\u0142ocku. Ceremonia\u0142 katedry p\u0142ockiej, pochodz\u0105cy z XIV w., podaje pierwszy opis takiej procesji w Polsce.<\/span><br \/>\n<span style=\"color: #000000;\">W Rzymie przygotowano procesj\u0119 Bo\u017cego Cia\u0142a po raz pierwszy w 1350 r. Od 1305 r. do 1377 r. papie\u017ce rezyduj\u0105 nie w Rzymie, lecz we Francji, w Awinionie. Rzym popada w ruin\u0119, papiestwo prze\u017cywa kryzys tzw. niewoli awinio\u0144skiej. Jedynym znakiem jedno\u015bci Ko\u015bcio\u0142a w tych czasach zam\u0119tu, spor\u00f3w i podzia\u0142\u00f3w jest Eucharystia. W 1381 r. Bonifacy IX poleca wprowadzi\u0107 \u015bwi\u0119to Bo\u017cego Cia\u0142a wraz z procesj\u0105 tam, gdzie nie by\u0142o ono jeszcze obchodzone.<\/span><\/h4>\n<h4><span style=\"color: #000000;\">Wychodz\u0105c dzi\u015b na ulice z procesj\u0105, kt\u00f3rej centrum jest Naj\u015bwi\u0119tszy Sakrament, nie tylko pragniemy z\u0142o\u017cy\u0107 ho\u0142d Chrystusowi i ponowi\u0107 o\u015bwiadczenie naszej wierno\u015bci Przymierzu, kt\u00f3rego ten Sakrament jest przypomnieniem i aktualizacj\u0105, lecz pragniemy tak\u017ce wprowadza\u0107 Zmartwychwsta\u0142ego w \u015bwiat, kt\u00f3ry tak bardzo potrzebuje Jego oczyszczaj\u0105cych, uzdrawiaj\u0105cych mocy.<\/span><\/h4>\n<p>Za: niedziela.pl<\/p>\n","protected":false},"excerpt":{"rendered":"<p>BO\u017bE CIA\u0141O 2018 Serdecznie zapraszamy na uroczyste obchody Bo\u017cego Cia\u0142a do Parafii Matki Bo\u017cej Fatimskiej. G\u0142owna Msza \u015awi\u0119ta b\u0119dzie odprawiona w dzie\u0144 uroczysto\u015bci, czyli 31 maja 2018 roku o godz. 11.00. Po Eucharystii wyruszy procesja Eucharystyczna do czterech o\u0142tarzy po ulicach naszego miasta . Tego dnia Msze \u015awi\u0119te o godz. 7.30, 9.00, 11.00 oraz wieczorem [&hellip;]<\/p>\n","protected":false},"author":1,"featured_media":4845,"comment_status":"closed","ping_status":"closed","sticky":false,"template":"","format":"standard","meta":{"footnotes":""},"categories":[2],"tags":[],"class_list":["post-7693","post","type-post","status-publish","format-standard","has-post-thumbnail","hentry","category-aktualnosci"],"_links":{"self":[{"href":"https:\/\/mbfatimska.ovh\/index.php\/wp-json\/wp\/v2\/posts\/7693","targetHints":{"allow":["GET"]}}],"collection":[{"href":"https:\/\/mbfatimska.ovh\/index.php\/wp-json\/wp\/v2\/posts"}],"about":[{"href":"https:\/\/mbfatimska.ovh\/index.php\/wp-json\/wp\/v2\/types\/post"}],"author":[{"embeddable":true,"href":"https:\/\/mbfatimska.ovh\/index.php\/wp-json\/wp\/v2\/users\/1"}],"replies":[{"embeddable":true,"href":"https:\/\/mbfatimska.ovh\/index.php\/wp-json\/wp\/v2\/comments?post=7693"}],"version-history":[{"count":0,"href":"https:\/\/mbfatimska.ovh\/index.php\/wp-json\/wp\/v2\/posts\/7693\/revisions"}],"wp:featuredmedia":[{"embeddable":true,"href":"https:\/\/mbfatimska.ovh\/index.php\/wp-json\/wp\/v2\/media\/4845"}],"wp:attachment":[{"href":"https:\/\/mbfatimska.ovh\/index.php\/wp-json\/wp\/v2\/media?parent=7693"}],"wp:term":[{"taxonomy":"category","embeddable":true,"href":"https:\/\/mbfatimska.ovh\/index.php\/wp-json\/wp\/v2\/categories?post=7693"},{"taxonomy":"post_tag","embeddable":true,"href":"https:\/\/mbfatimska.ovh\/index.php\/wp-json\/wp\/v2\/tags?post=7693"}],"curies":[{"name":"wp","href":"https:\/\/api.w.org\/{rel}","templated":true}]}}