{"id":8111,"date":"2018-09-09T05:37:57","date_gmt":"2018-09-09T05:37:57","guid":{"rendered":"http:\/\/www.mbfatimska.pl\/?p=8111"},"modified":"2018-09-09T05:37:57","modified_gmt":"2018-09-09T05:37:57","slug":"xxiii-niedziela-zwykla-09-09-2018r","status":"publish","type":"post","link":"https:\/\/mbfatimska.ovh\/index.php\/2018\/09\/09\/xxiii-niedziela-zwykla-09-09-2018r\/","title":{"rendered":"XXIII Niedziela Zwyk\u0142a &#8211; 09.09.2018r."},"content":{"rendered":"<ol>\n<li>\n<h3><span style=\"color: #000000;\">\u00a0Dzisiaj o 10.20 w ko\u015bciele zebranie dla rodzic\u00f3w dzieci klas III szk\u00f3\u0142 podstawowych, kt\u00f3rzy chc\u0105, aby ich dzieci przyst\u0105pi\u0142y w naszej Parafii do Pierwszej Komunii \u015awi\u0119tej.<\/span><\/h3>\n<\/li>\n<li>\n<h3><span style=\"color: #000000;\">\u00a0R\u00f3wnie\u017c dzisiaj w szarych pawilonach o godz. 18.00 zebranie dla os\u00f3b, kt\u00f3re w pa\u017adzierniku udaj\u0105 si\u0119 na samolotow\u0105 pielgrzymk\u0119 do Grecji. Na spotkanie nale\u017cy przynie\u015b\u0107 pozosta\u0142\u0105 cz\u0119\u015b\u0107 odp\u0142atno\u015bci. <\/span><\/h3>\n<\/li>\n<li>\n<h3><span style=\"color: #000000;\">\u00a0Tak\u017ce dzisiaj na Stanis\u0142awowie II odb\u0119dzie si\u0119 piknik rodzinny. Pocz\u0105tek o godz. 16.00 w filii GOK-u. B\u0119dzie wiele atrakcji dla dzieci i starszych, konkurs na najlepsze przetwory domowe. S\u0142oik z przetworami i kr\u00f3tk\u0105 receptur\u0119 oraz z podpisem nale\u017cy dostarczy\u0107 do godz. 15.00 do GOK-u. B\u0119d\u0105 ciekawe nagrody.<\/span><\/h3>\n<\/li>\n<li>\n<h3><span style=\"color: #000000;\">\u00a0Dzisiaj o godz. 17.30 w sali pod zakrysti\u0105 spotkanie dla kandydat\u00f3w do sakramentu bierzmowania, kt\u00f3rzy w zesz\u0142ym roku rozpocz\u0119li przygotowania. Nowych kandydat\u00f3w z 8 klasy SP oraz III klasy gimnazj\u00f3w, a tak\u017ce uczni\u00f3w ze szk\u00f3\u0142 \u015brednich kt\u00f3rzy pragn\u0105 przyst\u0105pi\u0107 do przygotowa\u0144 do bierzmowania zapraszamy wraz z rodzicami na spotkanie organizacyjne w najbli\u017csz\u0105 \u015brod\u0119 na godz. 20.00 do ko\u015bcio\u0142a. Natomiast w poniedzia\u0142ek o godz. 20.00 w ko\u015bciele odb\u0119dzie si\u0119 spotkanie dla doros\u0142ych, kt\u00f3rzy nie przyst\u0105pili jeszcze do sakramentu bierzmowania, a wyra\u017caj\u0105 tak\u0105 gotowo\u015b\u0107 i ch\u0119\u0107. <\/span><\/h3>\n<\/li>\n<li>\n<h3><span style=\"color: #000000;\">\u00a0W sobot\u0119 o godz. 16.00 zostanie odprawiona Msza \u015awi\u0119ta w intencji Intronizacji Serca Pana Jezusa w naszym mie\u015bcie, a po Eucharystii do godz. 18.00 nast\u0105pi modlitwa w intencji tego aktu ofiarowania i zawierzenia. W ten spos\u00f3b rozpoczniemy nasze roczne przygotowanie do tego wydarzenia, kt\u00f3re nast\u0105pi we wrze\u015bniu przysz\u0142ego roku. Zapraszamy.<\/span><\/h3>\n<\/li>\n<li>\n<h3><span style=\"color: #000000;\">\u00a0Dzi\u015b przed ko\u015bcio\u0142em s\u0105 osoby ze wsp\u00f3lnoty Przymierza Mi\u0142osierdzia u kt\u00f3rych mo\u017cna naby\u0107 bilety wst\u0119pu na rekolekcje, kt\u00f3re odb\u0119d\u0105 si\u0119 w niedziel\u0119 23 wrze\u015bnia w legionowskiej Arenie. Rekolekcje poprowad\u017ca dwaj w\u0142oscy kap\u0142ani, za\u0142o\u017cyciele tej\u017ce wsp\u00f3lnoty. Organizowane s\u0105 przez fundacj\u0119 Pasja \u017bycia, kt\u00f3ra buduje w Legionowie przy ul. Stru\u017ca\u0144skiej dom dla m\u0142odych os\u00f3b, kt\u00f3re kiedy\u015b dotkni\u0119te by\u0142y na\u0142ogiem narkomanii, a po przej\u015bciu leczenia chc\u0105 realizowa\u0107 swoje pasje, pracowa\u0107 i pomaga\u0107 innym. Ca\u0142y doch\u00f3d z rekolekcji przeznaczony jest na wyko\u0144czenie tego domu. Informacja o tym wydarzeniu znajduje si\u0119 na banerach przed ko\u015bcio\u0142em. <\/span><\/h3>\n<\/li>\n<li>\n<h3><span style=\"color: #000000;\">\u00a0W przysz\u0142\u0105 niedziel\u0119 po Mszy \u015bw. o godz. 11.00 w ko\u015bciele nast\u0105pi zmiana tajemnic r\u00f3\u017ca\u0144cowych dzieci i rodzic\u00f3w nale\u017c\u0105cych do K\u00f3\u0142 \u017bywego R\u00f3\u017ca\u0144ca. <\/span><\/h3>\n<\/li>\n<li>\n<h3><span style=\"color: #000000;\">\u00a0Za tydzie\u0144 po Mszy \u015bw. o godz. 12.30 nast\u0105pi otwarcie i po\u015bwi\u0119cenie ul. Obro\u0144c\u00f3w Lwowa i D\u0142ugiej, kt\u00f3re doczeka\u0142y si\u0119 ca\u0142kowicie innego wygl\u0105du. Ju\u017c dzisiaj serdecznie dzi\u0119kujemy Panu Prezydentowi Romanowi Smogorzewskiemu za poparcie naszej inicjatywy i radnemu naszego osiedla Panu Jackowi Zawadzie za nieust\u0119pliwo\u015b\u0107 w zabiegach o przebudow\u0119 ulicy. Zapraszamy mieszka\u0144c\u00f3w na to wydarzenie, a zw\u0142aszcza tych, kt\u00f3rzy tam mieszkaj\u0105 i korzystaj\u0105 z parking\u00f3w czy ulic.<\/span><\/h3>\n<\/li>\n<li>\n<h3><span style=\"color: #000000;\">\u00a0Dzi\u0119kujemy za pi\u0105tkowe i sobotnie prace porz\u0105dkowe na terenie ko\u015bcielnym. Na pi\u0105tek i sobot\u0119 zapraszamy do wsp\u00f3lnych prac. Zaczynamy wraz ze wschodem s\u0142o\u0144ca.<\/span><\/h3>\n<\/li>\n<li>\n<h3><span style=\"color: #000000;\">\u00a0Dnia 13 wrze\u015bnia (czwartek) o godz. 7.30 rano Msza \u015awi\u0119ta w intencji przedsi\u0119biorc\u00f3w, pracodawc\u00f3w, pracownik\u00f3w i ich rodzin z firm naszego regionu, za\u015b wieczorem o 19.00 Msza \u015awi\u0119ta i r\u00f3\u017caniec fatimski.<\/span><\/h3>\n<\/li>\n<li>\n<h3><span style=\"color: #000000;\">\u00a0W pi\u0105tek, 14 wrze\u015bnia obchodzi\u0107 b\u0119dziemy \u015bwi\u0119to Podwy\u017cszenia Krzy\u017ca \u015awi\u0119tego. Zapraszamy na Msze \u015awi\u0119te o 18.00 i 19.00. <\/span><\/h3>\n<\/li>\n<li>\n<h3><span style=\"color: #000000;\">\u00a0Przypominamy, \u017ce kancelaria parafialna jest czynna od poniedzia\u0142ku do \u015brody po ostatniej wieczornej Mszy \u015awi\u0119tej, a w soboty od 9.00 do 10.00 z wyj\u0105tkiem \u015bwi\u0105t i uroczysto\u015bci. <\/span><\/h3>\n<\/li>\n<li>\n<h3><span style=\"color: #000000;\">\u00a0Spowied\u017a \u015bwi\u0119ta w niedziele i \u015bwi\u0119ta podczas ka\u017cdej Mszy \u015awi\u0119tej, za\u015b w dni powszednie 15 minut przed Msz\u0105 \u015awi\u0119t\u0105. <\/span><\/h3>\n<\/li>\n<li>\n<h3><span style=\"color: #000000;\">\u00a0Zapraszamy na parafialn\u0105 autokarow\u0105 pielgrzymk\u0119 na Jasn\u0105 G\u00f3r\u0119, kt\u00f3ra odb\u0119dzie si\u0119 w sobot\u0119, 6 pa\u017adziernika o godz. 5.00 rano. Zapisa\u0107 si\u0119 mo\u017cna w zakrystii od dzisiaj wraz z uiszczeniem 50 z\u0142otych koszt\u00f3w pielgrzymki.<\/span><\/h3>\n<\/li>\n<li>\n<h3><span style=\"color: #000000;\">\u00a0Z pocz\u0105tkiem pa\u017adziernika Legionowskie Stowarzyszenie Amicus i i nasza Parafia uruchamiaj\u0105 KLUB SENIORA. Zapraszamy do tego klubu osoby, kt\u00f3re uko\u0144czy\u0142y ju\u017c 60 rok \u017cycia. Ka\u017cdego dnia od poniedzia\u0142ku do pi\u0105tku w godzinach 8.30 &#8211; 15.30 osoby starsze b\u0119d\u0105 mog\u0142y tw\u00f3rczo sp\u0119dzi\u0107 czas, rozwija\u0107 swoje zdolno\u015bci i zainteresowania, a zw\u0142aszcza nie czu\u0107 si\u0119 osamotnione i opuszczone. W Klubie Seniora b\u0119d\u0105 spotkania z ciekawymi lud\u017ami, porady lekarzy specjalist\u00f3w, prawnik\u00f3w, psycholog\u00f3w, wsp\u00f3lne wyjazdy do kina, teatru. B\u0119d\u0105 prowadzone zaj\u0119cia z obs\u0142ugi komputera, podstaw j\u0119zyka angielskiego oraz uruchamiany inne zaj\u0119cia w zale\u017cno\u015bci od zainteresowania. Je\u015bli osoba ma trudno\u015bci z poruszanie si\u0119 to mo\u017cna j\u0105 podwie\u017a\u0107, by w tym czasie 7 godzin mog\u0142a si\u0119 spotka\u0107 w gronie os\u00f3b podobnych sobie. Zapraszamy osoby zainteresowane na spotkanie organizacyjne w czwartek na godz. 17.00 do szarych pawilon\u00f3w. Zapraszamy.<\/span><\/h3>\n<\/li>\n<li>\n<h3><span style=\"color: #000000;\">\u00a0Z racji tego, \u017ce og\u0142osze\u0144 jest du\u017co i mo\u017ce nie us\u0142yszeli\u015bmy wszystkiego, przypominamy, \u017ce zawsze nasze og\u0142oszenia s\u0105 dost\u0119pne na naszej parafialnej stronie internetowej. <\/span><\/h3>\n<\/li>\n<li>\n<h3><span style=\"color: #000000;\">\u00a0Zach\u0119camy do lektury prasy katolickiej. <\/span><\/h3>\n<\/li>\n<\/ol>\n","protected":false},"excerpt":{"rendered":"<p>\u00a0Dzisiaj o 10.20 w ko\u015bciele zebranie dla rodzic\u00f3w dzieci klas III szk\u00f3\u0142 podstawowych, kt\u00f3rzy chc\u0105, aby ich dzieci przyst\u0105pi\u0142y w naszej Parafii do Pierwszej Komunii \u015awi\u0119tej. \u00a0R\u00f3wnie\u017c dzisiaj w szarych pawilonach o godz. 18.00 zebranie dla os\u00f3b, kt\u00f3re w pa\u017adzierniku udaj\u0105 si\u0119 na samolotow\u0105 pielgrzymk\u0119 do Grecji. Na spotkanie nale\u017cy przynie\u015b\u0107 pozosta\u0142\u0105 cz\u0119\u015b\u0107 odp\u0142atno\u015bci. \u00a0Tak\u017ce [&hellip;]<\/p>\n","protected":false},"author":1,"featured_media":481,"comment_status":"closed","ping_status":"closed","sticky":false,"template":"","format":"standard","meta":{"footnotes":""},"categories":[14],"tags":[],"class_list":["post-8111","post","type-post","status-publish","format-standard","has-post-thumbnail","hentry","category-ogloszenia-parafialne"],"_links":{"self":[{"href":"https:\/\/mbfatimska.ovh\/index.php\/wp-json\/wp\/v2\/posts\/8111","targetHints":{"allow":["GET"]}}],"collection":[{"href":"https:\/\/mbfatimska.ovh\/index.php\/wp-json\/wp\/v2\/posts"}],"about":[{"href":"https:\/\/mbfatimska.ovh\/index.php\/wp-json\/wp\/v2\/types\/post"}],"author":[{"embeddable":true,"href":"https:\/\/mbfatimska.ovh\/index.php\/wp-json\/wp\/v2\/users\/1"}],"replies":[{"embeddable":true,"href":"https:\/\/mbfatimska.ovh\/index.php\/wp-json\/wp\/v2\/comments?post=8111"}],"version-history":[{"count":0,"href":"https:\/\/mbfatimska.ovh\/index.php\/wp-json\/wp\/v2\/posts\/8111\/revisions"}],"wp:featuredmedia":[{"embeddable":true,"href":"https:\/\/mbfatimska.ovh\/index.php\/wp-json\/wp\/v2\/media\/481"}],"wp:attachment":[{"href":"https:\/\/mbfatimska.ovh\/index.php\/wp-json\/wp\/v2\/media?parent=8111"}],"wp:term":[{"taxonomy":"category","embeddable":true,"href":"https:\/\/mbfatimska.ovh\/index.php\/wp-json\/wp\/v2\/categories?post=8111"},{"taxonomy":"post_tag","embeddable":true,"href":"https:\/\/mbfatimska.ovh\/index.php\/wp-json\/wp\/v2\/tags?post=8111"}],"curies":[{"name":"wp","href":"https:\/\/api.w.org\/{rel}","templated":true}]}}