{"id":8258,"date":"2018-10-13T22:40:50","date_gmt":"2018-10-13T22:40:50","guid":{"rendered":"http:\/\/www.mbfatimska.pl\/?p=8258"},"modified":"2018-10-13T22:40:50","modified_gmt":"2018-10-13T22:40:50","slug":"xxviii-niedziela-zwykla-14-10-2018r","status":"publish","type":"post","link":"https:\/\/mbfatimska.ovh\/index.php\/2018\/10\/13\/xxviii-niedziela-zwykla-14-10-2018r\/","title":{"rendered":"XXVIII Niedziela Zwyk\u0142a &#8211; 14.10.2018r."},"content":{"rendered":"<ol>\n<li>\n<h3><span style=\"color: #000000;\"><strong>\u00a0Aktualne godziny Mszy \u015awi\u0119tych, spowiedzi, kancelarii czy nabo\u017ce\u0144stw r\u00f3\u017ca\u0144cowych<\/strong>:<span style=\"color: #ff0000;\"> <a style=\"color: #ff0000;\" href=\"http:\/\/www.mbfatimska.pl\/lipiec-i-sierpien-2018-msze-sw-spowiedz-i-kancelaria\/\"><strong>&gt;&gt;TUTAJ&lt;&lt;<\/strong><\/a>.<\/span><\/span><\/h3>\n<\/li>\n<li>\n<h4><span style=\"color: #000000;\">Dzisiaj grupa 30 parafian uda\u0142a si\u0119 na pielgrzymk\u0119 do Grecji \u015bladami \u015bw. Paw\u0142a Aposto\u0142a. \u017byczymy im szcz\u0119\u015bliwej drogi i pobytu prosz\u0105c ich o modlitw\u0119 w intencji Parafii, miasta i Ojczyzny. <\/span><\/h4>\n<\/li>\n<li>\n<h4><span style=\"color: #000000;\">\u00a0Jeszcze dzisiaj odb\u0119d\u0105 si\u0119 nast\u0119puj\u0105ce spotkania:<\/span><\/h4>\n<h4><span style=\"color: #000000;\">&#8211; 10.25 &#8211; katecheza dla dzieci klas III SP przed uroczysto\u015bci\u0105 I-szej Komunii \u015awi\u0119tej<\/span><\/h4>\n<h4><span style=\"color: #000000;\">&#8211; 19.00 &#8211; w salce pod zakrysti\u0105 kolejne spotkanie nowej edycji kursu przedma\u0142\u017ce\u0144skiego.<\/span><\/h4>\n<\/li>\n<li>\n<h4><span style=\"color: #000000;\">\u00a0Dzisiaj w ko\u015bcio\u0142ach w ca\u0142ej Polsce obchodzimy kolejny Dzie\u0144 Papieski zwi\u0105zany z 40-t\u0105 rocznic\u0105 wyboru kard. Karola Wojty\u0142y na Stolic\u0119 Piotrow\u0105. Przed ko\u015bcio\u0142em jak og\u0142aszali\u015bmy mo\u017cemy do koszyk\u00f3w z\u0142o\u017cy\u0107 swoj\u0105 ofiar\u0119 na rzecz stypendi\u00f3w dla utalentowanej, a biedniejszej m\u0142odzie\u017cy ze wsi i miast. We wtorek w dniu rocznicy wyboru na papie\u017ca zapraszamy na Msz\u0119 \u015awi\u0119t\u0105 na godz. 18.00, a nast\u0119pnie na r\u00f3\u017caniec. <\/span><\/h4>\n<\/li>\n<li>\n<h4><span style=\"color: #000000;\">\u00a0R\u00f3wnie\u017c dzisiaj o godz. 19.00 w ko\u015bciele odb\u0119dzie si\u0119 koncert muzyki powa\u017cnej po\u015bwi\u0119cony osobie \u015bw. Jana Paw\u0142a II. Serdecznie zapraszamy. <\/span><\/h4>\n<\/li>\n<li>\n<h4><span style=\"color: #000000;\">W przysz\u0142\u0105 niedziel\u0119 o godz. 16.30 w sali pod zakrysti\u0105 spotkanie dla kandydat\u00f3w do sakramentu bierzmowania, kt\u00f3rzy w zesz\u0142ym roku rozpocz\u0119li swoje przygotowania.<\/span><\/h4>\n<\/li>\n<li>\n<h4><span style=\"color: #000000;\">\u00a0Przed ko\u015bcio\u0142em ministranci rozdaj\u0105 kartki na wypominki jednorazowe, oktawalne i roczne. Uzupe\u0142nione kartki nale\u017cy przynie\u015b\u0107 do kancelarii lub zakrystii. <\/span><\/h4>\n<\/li>\n<li>\n<h4><span style=\"color: #000000;\">W \u015brod\u0119 odwiedzimy naszych chorych Parafian &#8211; o godz. 9.00 grup\u0119 pierwsz\u0105, od 10.30 grup\u0119 drug\u0105. Nowych chorych mo\u017cna zg\u0142asza\u0107 dzisiaj i jutro w zakrystii. <\/span><\/h4>\n<\/li>\n<li>\n<h4><span style=\"color: #000000;\">W przysz\u0142\u0105 niedziel\u0119 o godz. 10.25 katecheza dla dzieci klas IV SP przed Rocznic\u0105 Komunii \u015awi\u0119tej. <\/span><\/h4>\n<\/li>\n<li>\n<h4><span style=\"color: #000000;\">R\u00f3wnie\u017c za tydzie\u0144 po Mszy \u015awi\u0119tej o godz. 11.00 zmiana tajemnic r\u00f3\u017ca\u0144cowych dla rodzic\u00f3w i dzieci nale\u017c\u0105cych do Ko\u0142a \u017bywego R\u00f3\u017ca\u0144ca. <\/span><\/h4>\n<\/li>\n<li>\n<h4><span style=\"color: #000000;\">\u00a0W przysz\u0142\u0105 niedziel\u0119 wybory samorz\u0105dowe. Skorzystajmy z naszego prawa wyborczego. Wybierzmy osoby najlepsze, sprawdzone, konkretnego czynu. Nie obietnice, ale dzia\u0142anie. To jak teraz zag\u0142osujemy b\u0119dzie obowi\u0105zywa\u0107 przez 5 nast\u0119pnych lat. <\/span><\/h4>\n<\/li>\n<li>\n<h4><span style=\"color: #000000;\">\u00a0Komitet Spo\u0142eczny na Rzecz Pomocy Maciusiowi zwr\u00f3ci\u0142 si\u0119 do nas z pro\u015bb\u0105 o pomoc. Maciek z diagnoz\u0105 medyczn\u0105: autyzm, upo\u015bledzenie umys\u0142owe w stopniu znacznym, op\u00f3\u017anienie rozwoju psychoruchowego potrzebuje sta\u0142ej, d\u0142ugotrwa\u0142ej opieki, piel\u0119gnacji, systematycznego leczenia i rehabilitacji. W przysz\u0142\u0105 niedziel\u0119 przed ko\u015bcio\u0142em przedstawiciele komitetu b\u0119d\u0105 zbiera\u0107 ofiary na rzecz ci\u0119\u017cko chorego Ma\u0107ka. <\/span><\/h4>\n<\/li>\n<li>\n<h4><span style=\"color: #000000;\">\u00a0Od tygodnia dzia\u0142a przy naszej Parafii Klub Seniora, a prowadzony jest przez Legionowskie Stowarzyszenie Amicus. Zach\u0119camy osoby starsze do skorzystania z oferty klubu. W poniedzia\u0142ek odb\u0119d\u0105 si\u0119 zaj\u0119cia z podstaw obs\u0142ugi komputera, we wtorek porady kardiologa, a w \u015brod\u0119 nauka j\u0119zyka angielskiego. W pozosta\u0142e dni inne atrakcyjne zaj\u0119cia. <\/span><\/h4>\n<\/li>\n<li>\n<h4><span style=\"color: #000000;\">\u00a0W Micha\u0142owie Reginowie na ul. Nowodworskiej 40 jest wyprzeda\u017c donic zar\u00f3wno do ogrodu, jak i domu. Donice pochodz\u0105 z Afryki, ceny atrakcyjne. Dwie takie donice mo\u017cemy zobaczy\u0107 przed tablic\u0105 og\u0142oszeniow\u0105 na schodach ko\u015bcio\u0142a. <\/span><\/h4>\n<\/li>\n<li>\n<h4><span style=\"color: #000000;\">\u00a0Dzi\u0119kujemy wszystkim osobom, kt\u00f3re w minionym tygodniu poprzez swoj\u0105 modlitw\u0119, prac\u0119, ofiar\u0119 przyczyni\u0142y si\u0119 do wielkiego dobra w naszej Parafii. Dzi\u0119kujemy za ci\u0119\u017ck\u0105 prac\u0119 porz\u0105dkow\u0105 na terenie ko\u015bcielnym. Osoby, kt\u00f3re pragn\u0105 w\u0142\u0105czy\u0107 si\u0119 w prace ogrodnicze na terenie ko\u015bcielnym zapraszamy w pi\u0105tek i sobot\u0119 na godz. 8.00. <\/span><\/h4>\n<\/li>\n<li>\n<h4><span style=\"color: #000000;\">\u00a0Zapraszamy po Mszach \u015awi\u0119tych o 9.00, 11.00, 12.30 do naszej kawiarenki parafialnej na gofry, ciasto, kaw\u0119, herbat\u0119 i inne smako\u0142yki. Tradycyjnie zapraszamy do darmowej degustacji chleba domowego wypieku, a tak\u017ce wiejskiego smalcu.<\/span><\/h4>\n<\/li>\n<li>\n<h4><span style=\"color: #000000;\">\u00a0Zach\u0119camy do lektury prasy katolickiej. <\/span><\/h4>\n<\/li>\n<\/ol>\n","protected":false},"excerpt":{"rendered":"<p>\u00a0Aktualne godziny Mszy \u015awi\u0119tych, spowiedzi, kancelarii czy nabo\u017ce\u0144stw r\u00f3\u017ca\u0144cowych: &gt;&gt;TUTAJ&lt;&lt;. Dzisiaj grupa 30 parafian uda\u0142a si\u0119 na pielgrzymk\u0119 do Grecji \u015bladami \u015bw. Paw\u0142a Aposto\u0142a. \u017byczymy im szcz\u0119\u015bliwej drogi i pobytu prosz\u0105c ich o modlitw\u0119 w intencji Parafii, miasta i Ojczyzny. \u00a0Jeszcze dzisiaj odb\u0119d\u0105 si\u0119 nast\u0119puj\u0105ce spotkania: &#8211; 10.25 &#8211; katecheza dla dzieci klas III SP [&hellip;]<\/p>\n","protected":false},"author":1,"featured_media":481,"comment_status":"closed","ping_status":"closed","sticky":false,"template":"","format":"standard","meta":{"footnotes":""},"categories":[14],"tags":[],"class_list":["post-8258","post","type-post","status-publish","format-standard","has-post-thumbnail","hentry","category-ogloszenia-parafialne"],"_links":{"self":[{"href":"https:\/\/mbfatimska.ovh\/index.php\/wp-json\/wp\/v2\/posts\/8258","targetHints":{"allow":["GET"]}}],"collection":[{"href":"https:\/\/mbfatimska.ovh\/index.php\/wp-json\/wp\/v2\/posts"}],"about":[{"href":"https:\/\/mbfatimska.ovh\/index.php\/wp-json\/wp\/v2\/types\/post"}],"author":[{"embeddable":true,"href":"https:\/\/mbfatimska.ovh\/index.php\/wp-json\/wp\/v2\/users\/1"}],"replies":[{"embeddable":true,"href":"https:\/\/mbfatimska.ovh\/index.php\/wp-json\/wp\/v2\/comments?post=8258"}],"version-history":[{"count":0,"href":"https:\/\/mbfatimska.ovh\/index.php\/wp-json\/wp\/v2\/posts\/8258\/revisions"}],"wp:featuredmedia":[{"embeddable":true,"href":"https:\/\/mbfatimska.ovh\/index.php\/wp-json\/wp\/v2\/media\/481"}],"wp:attachment":[{"href":"https:\/\/mbfatimska.ovh\/index.php\/wp-json\/wp\/v2\/media?parent=8258"}],"wp:term":[{"taxonomy":"category","embeddable":true,"href":"https:\/\/mbfatimska.ovh\/index.php\/wp-json\/wp\/v2\/categories?post=8258"},{"taxonomy":"post_tag","embeddable":true,"href":"https:\/\/mbfatimska.ovh\/index.php\/wp-json\/wp\/v2\/tags?post=8258"}],"curies":[{"name":"wp","href":"https:\/\/api.w.org\/{rel}","templated":true}]}}