{"id":8289,"date":"2018-10-21T00:47:04","date_gmt":"2018-10-21T00:47:04","guid":{"rendered":"http:\/\/www.mbfatimska.pl\/?p=8289"},"modified":"2018-10-21T00:47:04","modified_gmt":"2018-10-21T00:47:04","slug":"xxix-niedziela-zwykla-21-10-2018r","status":"publish","type":"post","link":"https:\/\/mbfatimska.ovh\/index.php\/2018\/10\/21\/xxix-niedziela-zwykla-21-10-2018r\/","title":{"rendered":"XXIX Niedziela Zwyk\u0142a &#8211; 21.10.2018r."},"content":{"rendered":"<ol>\n<li>\n<h2><strong>Aktualne godziny Mszy \u015awi\u0119tych, spowiedzi, kancelarii czy nabo\u017ce\u0144stw r\u00f3\u017ca\u0144cowych<\/strong>: <span style=\"color: #ff0000;\"><a style=\"color: #ff0000;\" href=\"http:\/\/www.mbfatimska.pl\/lipiec-i-sierpien-2018-msze-sw-spowiedz-i-kancelaria\/\">&gt;&gt;TUTAJ&lt;&lt;<\/a><\/span>.<\/h2>\n<\/li>\n<li>\n<h4><span style=\"color: #000000;\">Dzisiaj we wszystkich Parafiach odbywa si\u0119 liczenie wiernych uczestnicz\u0105cych w Mszach \u015awi\u0119tych, a tak\u017ce przyst\u0119puj\u0105cych do Komunii \u015awi\u0119tej. Statystyka ko\u015bcielna prowadzona jest w celach informacyjnych, aby\u015bmy umieli okre\u015bli\u0107 poziom praktykowania naszej wiary. <\/span><\/h4>\n<\/li>\n<li>\n<h4><span style=\"color: #000000;\">W miesi\u0105cu pa\u017adzierniku zach\u0119camy do uczestnictwa w nabo\u017ce\u0144stwach r\u00f3\u017ca\u0144cowych: w niedziele o 17.15, za\u015b od poniedzia\u0142ku do soboty o 18.30. R\u00f3\u017caniec dla dzieci w poniedzia\u0142ki, \u015brody i pi\u0105tki o 16.30. <\/span><\/h4>\n<\/li>\n<li>\n<h4><span style=\"color: #000000;\">\u00a0Zbli\u017ca si\u0119 Uroczysto\u015b\u0107 Wszystkich \u015awi\u0119tych i Dzie\u0144 Zaduszny, dlatego na stolikach przy wyj\u015bciu z ko\u015bcio\u0142a wy\u0142o\u017cone zosta\u0142y kartki na wypominki jednorazowe, oktawalne i roczne. Kartki z wype\u0142nionymi imionami i nazwiskami naszych bliskich zmar\u0142ych sk\u0142adamy ksi\u0119\u017com w zakrystii lub kancelarii. <\/span><\/h4>\n<\/li>\n<li>\n<h4><span style=\"color: #000000;\">Tak jak og\u0142aszali\u015bmy tydzie\u0144 temu dzisiaj przed ko\u015bcio\u0142em zbierane s\u0105 ofiary do puszek dla ci\u0119\u017cko chorego Ma\u0107ka, kt\u00f3ry z diagnoz\u0105 medyczn\u0105: autyzm, upo\u015bledzenie umys\u0142owe w stopniu znacznym, op\u00f3\u017anienie rozwoju psychoruchowego potrzebuje sta\u0142ej, d\u0142ugotrwa\u0142ej opieki, piel\u0119gnacji, systematycznego leczenia i rehabilitacji. Ca\u0142a zebrana kwota b\u0119dzie przekazana na leczenie chorego dziecka. <\/span><\/h4>\n<\/li>\n<li>\n<h4><span style=\"color: #000000;\">\u00a0Dzisiaj o godz. 16.30 spotkanie dla kandydat\u00f3w do sakramentu bierzmowania, kt\u00f3rzy w zesz\u0142ym roku rozpocz\u0119li swoje przygotowania. Obecno\u015b\u0107 obowi\u0105zkowa. <\/span><\/h4>\n<\/li>\n<li>\n<h4><span style=\"color: #000000;\">Dzisiaj o godz. 10.25 w ko\u015bciele katecheza dla uczni\u00f3w klas IV SP przed Rocznic\u0105 Pierwszej Komunii \u015awi\u0119tej, a w przysz\u0142\u0105 niedziel\u0119 r\u00f3wnie\u017c o 10.25 katecheza dla uczni\u00f3w klas III SP przed Pierwsz\u0105 Komuni\u0105 \u015awi\u0119t\u0105. <\/span><\/h4>\n<\/li>\n<li>\n<h4><span style=\"color: #000000;\">W pi\u0105tek\u00a0 o godz. 18.00 Msza \u015bwi\u0119ta wypominkowa. W zwi\u0105zku z tym w pi\u0105tek r\u00f3\u017caniec wieczorny wyj\u0105tkowo o 17.30. Dla dzieci bez zmian, czyli o 16.30. <\/span><\/h4>\n<\/li>\n<li>\n<h4><span style=\"color: #000000;\">\u00a0<strong>W najbli\u017csz\u0105 sobot\u0119, 27 pa\u017adziernika nasz\u0105 Parafi\u0119 nawiedzi Jego Ekscelencja Ksi\u0105dz Biskup Romuald Kami\u0144ski. Tego dnia, czyli w sobot\u0119 o godz. 11.00 odprawi w naszym ko\u015bciele Msz\u0119 \u015awi\u0119t\u0105, kt\u00f3ra po\u0142\u0105czona b\u0119dzie z udzieleniem sakramentu bierzmowania kandydatom, kt\u00f3rzy w zesz\u0142ym roku rozpocz\u0119li swoje przygotowania. Do uczestnictwa w tej Mszy \u015awi\u0119tej zach\u0119camy nie tylko rodziny kandydat\u00f3w do bierzmowania, ale tak\u017ce jak najwi\u0119ksz\u0105 grup\u0119 Parafian i go\u015bci, aby wsp\u00f3lnie z naszym warszawsko &#8211; praskim Pasterzem spotka\u0107 si\u0119 na modlitwie. <\/strong><\/span><\/h4>\n<\/li>\n<li>\n<h4><span style=\"color: #000000;\"><strong>\u00a0Spowied\u017a \u015awi\u0119ta dla kandydat\u00f3w do sakramentu bierzmowania w najbli\u017cszy czwartek od godz. 17.30. Zach\u0119camy, aby w czwartek ze spowiedzi skorzystali tak\u017ce rodzice, rodze\u0144stwo, dziadkowie, chrzestni kandydat\u00f3w do bierzmowania, aby jak najwi\u0119cej os\u00f3b w sobot\u0119 o 11.00 przyj\u0119\u0142o Komuni\u0119 \u015awi\u0119t\u0105 w intencji naszej m\u0142odzie\u017cy. Pozosta\u0142e, szczeg\u00f3\u0142owe informacje odno\u015bnie bierzmowania na dzisiejszym spotkaniu dla kandydat\u00f3w o 16.30.<\/strong> <\/span><\/h4>\n<\/li>\n<li>\n<h4><span style=\"color: #000000;\">Od\u00a0 dw\u00f3ch tygodni dzia\u0142a przy naszej Parafii Klub Seniora, a prowadzony jest przez Legionowskie Stowarzyszenie Amicus. Zach\u0119camy osoby starsze do skorzystania z oferty klubu, kt\u00f3ry dzia\u0142a od poniedzia\u0142ku do pi\u0105tku w szarych pawilonach.<\/span><\/h4>\n<\/li>\n<li>\n<h4><span style=\"color: #000000;\">\u00a0W przysz\u0142\u0105 niedziel\u0119, 28 pa\u017adziernika po Mszy \u015awi\u0119tej wieczornej, czyli ok. godz. 19.00 w naszym ko\u015bciele odb\u0119dzie si\u0119 koncert pt. &#8222;Organowe Zaduszki&#8221;. W programie utwory m.in.: Vivaldiego, Bacha czy Mozarta. Szczeg\u00f3\u0142y na plakacie w gablocie. <\/span><\/h4>\n<\/li>\n<li>\n<h4><span style=\"color: #000000;\">\u00a0Legionowskie Stowarzyszenie na Rzecz Kultury &#8222;Viva Larte&#8221; oraz Miejski O\u015brodek Kultury w Legionowie zapraszaj\u0105 na Jubileuszowy Przegl\u0105d Pie\u015bni Patriotycznej &#8222;Viva Polonia&#8221;, kt\u00f3ry odb\u0119dzie si\u0119 11 listopada w sali widowiskowej miejskiego ratusza w Legionowie. Wydarzenie zosta\u0142o obj\u0119te programem Niepodleg\u0142a oraz honorowym patronatem Szefa Urz\u0119du do Spraw Kombatant\u00f3w i Os\u00f3b Represjonowanych, Zwi\u0105zku Oficer\u00f3w Rezerwy RP im. marsza\u0142ka Pi\u0142sudskiego, Muzeum Niepodleg\u0142o\u015bci, Starosty powiatu legionowskiego, Prezydenta Legionowa. Wst\u0119p wolny. Szczeg\u00f3\u0142y na ulotkach i na plakacie w gablocie. <\/span><\/h4>\n<\/li>\n<li>\n<h4><span style=\"color: #000000;\">Dzi\u0119kujemy wszystkim osobom, kt\u00f3re w minionym tygodniu poprzez swoj\u0105 modlitw\u0119, prac\u0119, ofiar\u0119 przyczyni\u0142y si\u0119 do wielkiego dobra w naszej Parafii. Dzi\u0119kujemy za ci\u0119\u017ck\u0105 prac\u0119 porz\u0105dkow\u0105 na terenie ko\u015bcielnym. Osoby, kt\u00f3re pragn\u0105 w\u0142\u0105czy\u0107 si\u0119 w prace ogrodnicze na terenie ko\u015bcielnym zapraszamy w pi\u0105tek\u00a0 na godz. 8.00.<\/span><\/h4>\n<\/li>\n<li>\n<h4><span style=\"color: #000000;\">Zapraszamy dzisiaj po Mszach \u015awi\u0119tych o 9.00, 11.00, 12.30 do naszej kawiarenki parafialnej na gofry, ciasto, kaw\u0119, herbat\u0119 i inne smako\u0142yki. Tradycyjnie zapraszamy do darmowej degustacji chleba domowego wypieku, a tak\u017ce wiejskiego smalcu.<\/span><\/h4>\n<\/li>\n<li>\n<h4><span style=\"color: #000000;\">Zach\u0119camy do lektury prasy katolickiej.<\/span><\/h4>\n<\/li>\n<\/ol>\n","protected":false},"excerpt":{"rendered":"<p>Aktualne godziny Mszy \u015awi\u0119tych, spowiedzi, kancelarii czy nabo\u017ce\u0144stw r\u00f3\u017ca\u0144cowych: &gt;&gt;TUTAJ&lt;&lt;. Dzisiaj we wszystkich Parafiach odbywa si\u0119 liczenie wiernych uczestnicz\u0105cych w Mszach \u015awi\u0119tych, a tak\u017ce przyst\u0119puj\u0105cych do Komunii \u015awi\u0119tej. Statystyka ko\u015bcielna prowadzona jest w celach informacyjnych, aby\u015bmy umieli okre\u015bli\u0107 poziom praktykowania naszej wiary. W miesi\u0105cu pa\u017adzierniku zach\u0119camy do uczestnictwa w nabo\u017ce\u0144stwach r\u00f3\u017ca\u0144cowych: w niedziele o 17.15, [&hellip;]<\/p>\n","protected":false},"author":1,"featured_media":481,"comment_status":"closed","ping_status":"closed","sticky":false,"template":"","format":"standard","meta":{"footnotes":""},"categories":[14],"tags":[],"class_list":["post-8289","post","type-post","status-publish","format-standard","has-post-thumbnail","hentry","category-ogloszenia-parafialne"],"_links":{"self":[{"href":"https:\/\/mbfatimska.ovh\/index.php\/wp-json\/wp\/v2\/posts\/8289","targetHints":{"allow":["GET"]}}],"collection":[{"href":"https:\/\/mbfatimska.ovh\/index.php\/wp-json\/wp\/v2\/posts"}],"about":[{"href":"https:\/\/mbfatimska.ovh\/index.php\/wp-json\/wp\/v2\/types\/post"}],"author":[{"embeddable":true,"href":"https:\/\/mbfatimska.ovh\/index.php\/wp-json\/wp\/v2\/users\/1"}],"replies":[{"embeddable":true,"href":"https:\/\/mbfatimska.ovh\/index.php\/wp-json\/wp\/v2\/comments?post=8289"}],"version-history":[{"count":0,"href":"https:\/\/mbfatimska.ovh\/index.php\/wp-json\/wp\/v2\/posts\/8289\/revisions"}],"wp:featuredmedia":[{"embeddable":true,"href":"https:\/\/mbfatimska.ovh\/index.php\/wp-json\/wp\/v2\/media\/481"}],"wp:attachment":[{"href":"https:\/\/mbfatimska.ovh\/index.php\/wp-json\/wp\/v2\/media?parent=8289"}],"wp:term":[{"taxonomy":"category","embeddable":true,"href":"https:\/\/mbfatimska.ovh\/index.php\/wp-json\/wp\/v2\/categories?post=8289"},{"taxonomy":"post_tag","embeddable":true,"href":"https:\/\/mbfatimska.ovh\/index.php\/wp-json\/wp\/v2\/tags?post=8289"}],"curies":[{"name":"wp","href":"https:\/\/api.w.org\/{rel}","templated":true}]}}