{"id":8293,"date":"2018-10-21T00:59:49","date_gmt":"2018-10-21T00:59:49","guid":{"rendered":"http:\/\/www.mbfatimska.pl\/?p=8293"},"modified":"2018-10-21T00:59:49","modified_gmt":"2018-10-21T00:59:49","slug":"msza-swieta-pod-przewodnictwem-naszego-pasterza-27-x-2018-sobota-godz-11-00","status":"publish","type":"post","link":"https:\/\/mbfatimska.ovh\/index.php\/2018\/10\/21\/msza-swieta-pod-przewodnictwem-naszego-pasterza-27-x-2018-sobota-godz-11-00\/","title":{"rendered":"Msza \u015awi\u0119ta pod Przewodnictwem naszego Pasterza &#8211; 27 X 2018 (sobota) godz. 11.00"},"content":{"rendered":"<h4>\u00a0\u00a0\u00a0\u00a0\u00a0\u00a0\u00a0\u00a0\u00a0\u00a0\u00a0\u00a0\u00a0\u00a0\u00a0\u00a0<span style=\"color: #000000;\">\u00a0<a href=\"http:\/\/www.mbfatimska.pl\/wp-content\/uploads\/2017\/12\/bp-Kaminski.jpg\"><img fetchpriority=\"high\" decoding=\"async\" class=\" wp-image-6421 alignright\" src=\"http:\/\/www.mbfatimska.pl\/wp-content\/uploads\/2017\/12\/bp-Kaminski-300x258.jpg\" alt=\"\" width=\"346\" height=\"297\" srcset=\"https:\/\/mbfatimska.ovh\/wp-content\/uploads\/2017\/12\/bp-Kaminski-300x258.jpg 300w, https:\/\/mbfatimska.ovh\/wp-content\/uploads\/2017\/12\/bp-Kaminski.jpg 560w\" sizes=\"(max-width: 346px) 100vw, 346px\" \/><\/a>\u00a0\u00a0\u00a0\u00a0 W najbli\u017csz\u0105 sobot\u0119, 27 pa\u017adziernika nasz\u0105 Parafi\u0119 nawiedzi Jego Ekscelencja Ksi\u0105dz Biskup Romuald Kami\u0144ski. <\/span><\/h4>\n<h4><span style=\"color: #000000;\">\u00a0\u00a0\u00a0\u00a0\u00a0\u00a0\u00a0\u00a0\u00a0\u00a0\u00a0\u00a0\u00a0\u00a0\u00a0\u00a0\u00a0\u00a0\u00a0\u00a0\u00a0 Tego dnia, czyli w sobot\u0119 o godz. 11.00 odprawi w naszym ko\u015bciele Msz\u0119 \u015awi\u0119t\u0105, kt\u00f3ra po\u0142\u0105czona b\u0119dzie z udzieleniem sakramentu bierzmowania kandydatom, kt\u00f3rzy w zesz\u0142ym roku rozpocz\u0119li swoje przygotowania. Do uczestnictwa w tej Mszy \u015awi\u0119tej zach\u0119camy nie tylko rodziny kandydat\u00f3w do bierzmowania, ale tak\u017ce jak najwi\u0119ksz\u0105 grup\u0119 Parafian i go\u015bci, aby wsp\u00f3lnie z naszym warszawsko \u2013 praskim Pasterzem spotka\u0107 si\u0119 na modlitwie.<\/span><\/h4>\n<h4><span style=\"color: #000000;\">\u00a0\u00a0\u00a0\u00a0\u00a0\u00a0\u00a0\u00a0\u00a0\u00a0\u00a0\u00a0\u00a0\u00a0\u00a0\u00a0\u00a0\u00a0\u00a0\u00a0\u00a0 Spowied\u017a \u015awi\u0119ta dla kandydat\u00f3w do sakramentu bierzmowania w najbli\u017cszy czwartek (25 pa\u017adziernika) od godz. 17.30. Zach\u0119camy, aby w czwartek ze spowiedzi skorzystali tak\u017ce rodzice, rodze\u0144stwo, dziadkowie, chrzestni kandydat\u00f3w do bierzmowania, aby jak najwi\u0119cej os\u00f3b w sobot\u0119 o 11.00 przyj\u0119\u0142o Komuni\u0119 \u015awi\u0119t\u0105 w intencji naszej m\u0142odzie\u017cy.<\/span><\/h4>\n","protected":false},"excerpt":{"rendered":"<p>\u00a0\u00a0\u00a0\u00a0\u00a0\u00a0\u00a0\u00a0\u00a0\u00a0\u00a0\u00a0\u00a0\u00a0\u00a0\u00a0\u00a0\u00a0\u00a0\u00a0\u00a0 W najbli\u017csz\u0105 sobot\u0119, 27 pa\u017adziernika nasz\u0105 Parafi\u0119 nawiedzi Jego Ekscelencja Ksi\u0105dz Biskup Romuald Kami\u0144ski. \u00a0\u00a0\u00a0\u00a0\u00a0\u00a0\u00a0\u00a0\u00a0\u00a0\u00a0\u00a0\u00a0\u00a0\u00a0\u00a0\u00a0\u00a0\u00a0\u00a0\u00a0 Tego dnia, czyli w sobot\u0119 o godz. 11.00 odprawi w naszym ko\u015bciele Msz\u0119 \u015awi\u0119t\u0105, kt\u00f3ra po\u0142\u0105czona b\u0119dzie z udzieleniem sakramentu bierzmowania kandydatom, kt\u00f3rzy w zesz\u0142ym roku rozpocz\u0119li swoje przygotowania. Do uczestnictwa w tej Mszy \u015awi\u0119tej zach\u0119camy nie tylko rodziny [&hellip;]<\/p>\n","protected":false},"author":1,"featured_media":6421,"comment_status":"closed","ping_status":"closed","sticky":false,"template":"","format":"standard","meta":{"footnotes":""},"categories":[2],"tags":[],"class_list":["post-8293","post","type-post","status-publish","format-standard","has-post-thumbnail","hentry","category-aktualnosci"],"_links":{"self":[{"href":"https:\/\/mbfatimska.ovh\/index.php\/wp-json\/wp\/v2\/posts\/8293","targetHints":{"allow":["GET"]}}],"collection":[{"href":"https:\/\/mbfatimska.ovh\/index.php\/wp-json\/wp\/v2\/posts"}],"about":[{"href":"https:\/\/mbfatimska.ovh\/index.php\/wp-json\/wp\/v2\/types\/post"}],"author":[{"embeddable":true,"href":"https:\/\/mbfatimska.ovh\/index.php\/wp-json\/wp\/v2\/users\/1"}],"replies":[{"embeddable":true,"href":"https:\/\/mbfatimska.ovh\/index.php\/wp-json\/wp\/v2\/comments?post=8293"}],"version-history":[{"count":0,"href":"https:\/\/mbfatimska.ovh\/index.php\/wp-json\/wp\/v2\/posts\/8293\/revisions"}],"wp:featuredmedia":[{"embeddable":true,"href":"https:\/\/mbfatimska.ovh\/index.php\/wp-json\/wp\/v2\/media\/6421"}],"wp:attachment":[{"href":"https:\/\/mbfatimska.ovh\/index.php\/wp-json\/wp\/v2\/media?parent=8293"}],"wp:term":[{"taxonomy":"category","embeddable":true,"href":"https:\/\/mbfatimska.ovh\/index.php\/wp-json\/wp\/v2\/categories?post=8293"},{"taxonomy":"post_tag","embeddable":true,"href":"https:\/\/mbfatimska.ovh\/index.php\/wp-json\/wp\/v2\/tags?post=8293"}],"curies":[{"name":"wp","href":"https:\/\/api.w.org\/{rel}","templated":true}]}}