{"id":8307,"date":"2018-10-28T06:13:06","date_gmt":"2018-10-28T06:13:06","guid":{"rendered":"http:\/\/www.mbfatimska.pl\/?p=8307"},"modified":"2018-10-28T06:13:06","modified_gmt":"2018-10-28T06:13:06","slug":"xxx-niedziela-zwykla-28-10-2018","status":"publish","type":"post","link":"https:\/\/mbfatimska.ovh\/index.php\/2018\/10\/28\/xxx-niedziela-zwykla-28-10-2018\/","title":{"rendered":"XXX Niedziela Zwyk\u0142a &#8211; 28.10.2018"},"content":{"rendered":"<ol>\n<li>\n<h3><span style=\"color: #000000;\">\u00a0Dzisiaj o godz. 10.25 katecheza dla dzieci klas III SP przed uroczysto\u015bci\u0105 Pierwszej Komunii \u015awi\u0119tej.<\/span><\/h3>\n<\/li>\n<li>\n<h3><span style=\"color: #000000;\">\u00a0R\u00f3wnie\u017c dzisiaj po Mszy \u015awi\u0119tej o godz. 18.00 w naszym ko\u015bciele odb\u0119dzie si\u0119 koncert pt. &#8222;Organowe Zaduszki&#8221;. W programie utwory m.in. Vivaldiego, Bacha czy Mozarta. Wst\u0119p wolny. <\/span><\/h3>\n<\/li>\n<li>\n<h3><span style=\"color: #000000;\">\u00a0W czwartek, 1 listopada Uroczysto\u015b\u0107 Wszystkich \u015awi\u0119tych. W naszym ko\u015bciele Msze \u015awi\u0119te o godz. 7.30, 9.00, 11.00 i 18.00. Nie b\u0119dzie tego dnia Mszy o godz. 12.30, poniewa\u017c w tym czasie uczestniczy\u0107 b\u0119dziemy we Mszy \u015awi\u0119tej na naszym legionowskim cmentarzu. Po Mszy \u015awi\u0119tej o godz. 18.00 wystawienie Naj\u015bwi\u0119tszego Sakramentu i mo\u017cliwo\u015b\u0107 adoracji do godz. 21.00 z racji I-szego czwartku miesi\u0105ca. <\/span><\/h3>\n<\/li>\n<li>\n<h3><span style=\"color: #000000;\">\u00a0W uroczysto\u015b\u0107 Wszystkich \u015awi\u0119tych o godz. 17.15 w ko\u015bciele odb\u0119dzie si\u0119 nabo\u017ce\u0144stwo \u017ca\u0142obne za naszych bliskich zmar\u0142ych polecanych w wypominkach jednorazowych, a o godz. 17.45 b\u0119d\u0105 wyczytywane intencje za zmar\u0142ych polecanych w wypominkach oktawalnych. Tak samo b\u0119dzie w pi\u0105tek, sobot\u0119 i niedziel\u0119 o 17.45. <\/span><\/h3>\n<\/li>\n<li>\n<h3><span style=\"color: #000000;\">\u00a0W pi\u0105tek, 2 listopada Dzie\u0144 Zaduszny. Zapraszamy na Msze \u015awi\u0119te o godz. 9.00, 17.00 i 18.00. O godz. 8.30 rano odb\u0119dzie si\u0119 nabo\u017ce\u0144stwo \u017ca\u0142obne za naszych bliskich zmar\u0142ych polecanych wypominkach jednorazowych.<\/span><\/h3>\n<\/li>\n<li>\n<h3><span style=\"color: #000000;\">\u00a0Pi\u0105tek to r\u00f3wnie\u017c I-szy pi\u0105tek miesi\u0105ca. Spowied\u017a od 16.30. O godz. 19.00 katecheza przedchrzcielna. <\/span><\/h3>\n<\/li>\n<li>\n<h3><span style=\"color: #000000;\">\u00a0W sobot\u0119 I-sza sobota miesi\u0105ca. Po Mszy \u015awi\u0119tej o godz. 18.00 nabo\u017ce\u0144stwo wynagradzaj\u0105ce Niepokalanemu Sercu NMP\u00a0 i trwa\u0107 b\u0119dzie do godz. 20.00. Tego dnia w sali pod zakrysti\u0105 po Mszy o 18.00 spotkanie dla Rycerzy Jana Paw\u0142a II. <\/span><\/h3>\n<\/li>\n<li>\n<h3><span style=\"color: #000000;\">\u00a0W przysz\u0142\u0105 niedziel\u0119 I &#8211; sza niedziela miesi\u0105ca. Po Mszy \u015awi\u0119tej o godz. 12.30 wystawienie Naj\u015bwi\u0119tszego Sakramentu i mo\u017cliwo\u015b\u0107 adoracji do godz. 17.40.<\/span><\/h3>\n<\/li>\n<li>\n<h3><span style=\"color: #000000;\">\u00a0W pi\u0105tek i sobot\u0119 na g\u00f3rnym parkingu zbi\u00f3rka makulatury z przeznaczeniem na misje. <\/span><\/h3>\n<\/li>\n<li>\n<h3><span style=\"color: #000000;\">W dniach od 1 do 8 listopada mo\u017cemy uzyska\u0107 odpust zupe\u0142ny i ofiarowa\u0107 go w intencji jednej osoby zmar\u0142ej pod okre\u015blonymi warunkami: stan \u0142aski u\u015bwi\u0119caj\u0105cej (Spowied\u017a i Komunia \u015bw.), pobo\u017cne nawiedzenie cmentarza, modlitwa w intencji os\u00f3b zmar\u0142ych, odm\u00f3wienie wyznania wiary, modlitwa w intencji Ojca \u015awi\u0119tego, brak przywi\u0105zania do jakiegokolwiek grzechu. <\/span><\/h3>\n<\/li>\n<li>\n<h3><span style=\"color: #000000;\">\u00a0Nadal przyjmujemy na wypominki za naszych zmar\u0142ych: jednorazowe, oktawalne i roczne. Kartki na stolikach przy wyj\u015bciu. <\/span><\/h3>\n<\/li>\n<li>\n<h3><span style=\"color: #000000;\">\u00a0Dzi\u0119kujemy za czwartkowe i pi\u0105tkowe prace porz\u0105dkowe na terenie ko\u015bcielnym. Po ostatnich wichurach nasz plac by\u0142 w op\u0142akanym stanie. Tym mocniej dzi\u0119kujemy tym osobom, kt\u00f3re co tydzie\u0144 nie szcz\u0119dz\u0105 swych si\u0142 i czasu ofiaruj\u0105c siebie s\u0142u\u017c\u0105c Bogu i nam wszystkim. <\/span><\/h3>\n<\/li>\n<li>\n<h3><span style=\"color: #000000;\">\u00a0Zapraszamy dzisiaj po Mszach \u015awi\u0119tych o 9.00, 11.00, 12.30 do naszej kawiarenki parafialnej na gofry, ciasto, kaw\u0119, herbat\u0119 i inne smako\u0142yki. Tradycyjnie zapraszamy do darmowej degustacji chleba domowego wypieku, a tak\u017ce wiejskiego smalcu.<\/span><\/h3>\n<\/li>\n<li>\n<h3><span style=\"color: #000000;\">\u00a0Zach\u0119camy do lektury prasy katolickiej. <\/span><\/h3>\n<\/li>\n<\/ol>\n","protected":false},"excerpt":{"rendered":"<p>\u00a0Dzisiaj o godz. 10.25 katecheza dla dzieci klas III SP przed uroczysto\u015bci\u0105 Pierwszej Komunii \u015awi\u0119tej. \u00a0R\u00f3wnie\u017c dzisiaj po Mszy \u015awi\u0119tej o godz. 18.00 w naszym ko\u015bciele odb\u0119dzie si\u0119 koncert pt. &#8222;Organowe Zaduszki&#8221;. W programie utwory m.in. Vivaldiego, Bacha czy Mozarta. Wst\u0119p wolny. \u00a0W czwartek, 1 listopada Uroczysto\u015b\u0107 Wszystkich \u015awi\u0119tych. W naszym ko\u015bciele Msze \u015awi\u0119te o [&hellip;]<\/p>\n","protected":false},"author":1,"featured_media":481,"comment_status":"closed","ping_status":"closed","sticky":false,"template":"","format":"standard","meta":{"footnotes":""},"categories":[14],"tags":[],"class_list":["post-8307","post","type-post","status-publish","format-standard","has-post-thumbnail","hentry","category-ogloszenia-parafialne"],"_links":{"self":[{"href":"https:\/\/mbfatimska.ovh\/index.php\/wp-json\/wp\/v2\/posts\/8307","targetHints":{"allow":["GET"]}}],"collection":[{"href":"https:\/\/mbfatimska.ovh\/index.php\/wp-json\/wp\/v2\/posts"}],"about":[{"href":"https:\/\/mbfatimska.ovh\/index.php\/wp-json\/wp\/v2\/types\/post"}],"author":[{"embeddable":true,"href":"https:\/\/mbfatimska.ovh\/index.php\/wp-json\/wp\/v2\/users\/1"}],"replies":[{"embeddable":true,"href":"https:\/\/mbfatimska.ovh\/index.php\/wp-json\/wp\/v2\/comments?post=8307"}],"version-history":[{"count":0,"href":"https:\/\/mbfatimska.ovh\/index.php\/wp-json\/wp\/v2\/posts\/8307\/revisions"}],"wp:featuredmedia":[{"embeddable":true,"href":"https:\/\/mbfatimska.ovh\/index.php\/wp-json\/wp\/v2\/media\/481"}],"wp:attachment":[{"href":"https:\/\/mbfatimska.ovh\/index.php\/wp-json\/wp\/v2\/media?parent=8307"}],"wp:term":[{"taxonomy":"category","embeddable":true,"href":"https:\/\/mbfatimska.ovh\/index.php\/wp-json\/wp\/v2\/categories?post=8307"},{"taxonomy":"post_tag","embeddable":true,"href":"https:\/\/mbfatimska.ovh\/index.php\/wp-json\/wp\/v2\/tags?post=8307"}],"curies":[{"name":"wp","href":"https:\/\/api.w.org\/{rel}","templated":true}]}}