{"id":9304,"date":"2019-03-07T08:23:10","date_gmt":"2019-03-07T08:23:10","guid":{"rendered":"http:\/\/www.mbfatimska.pl\/?p=9304"},"modified":"2019-03-07T08:23:10","modified_gmt":"2019-03-07T08:23:10","slug":"wkreceni-wystawili-meczenstwo-piotra-oheya-2","status":"publish","type":"post","link":"https:\/\/mbfatimska.ovh\/index.php\/2019\/03\/07\/wkreceni-wystawili-meczenstwo-piotra-oheya-2\/","title":{"rendered":"&#8222;Wkr\u0119ceni&#8221; wystawili &#8222;M\u0119cze\u0144stwo Piotra Oheya&#8221;"},"content":{"rendered":"<p>W dniu wczorajszym odby\u0142 si\u0119 kolejny Przegl\u0105d Form Scenicznych i Medialnych zorganizowany w ramach VIII Dni Os\u00f3b Niepe\u0142nosprawnych. W przegl\u0105dzie jak zwykle udzia\u0142 wzi\u0119\u0142o kilkana\u015bcie grup, zespo\u0142\u00f3w oraz solist\u00f3w, by pokaza\u0107 czego dzi\u0119ki ci\u0119\u017ckiej i wyczerpuj\u0105cej pracy oraz wielu godzinom \u0107wicze\u0144 i trening\u00f3w mog\u0105 dokona\u0107 osoby niepe\u0142nosprawne. Warsztat Terapii Zaj\u0119ciowej \u015bw. Rity reprezentowany by\u0142 przez Grup\u0119 Teatraln\u0105 &#8222;Wkr\u0119ceni&#8221;. Nasi niepe\u0142nosprawni aktorzy wystawili w tym roku blisko p\u00f3\u0142godzinn\u0105 sztuk\u0119 &#8222;M\u0119cze\u0144stwo Piotra Oheya&#8221; S\u0142awomira Mro\u017cka. Teraz trzeba poczeka\u0107 do 21 marca kiedy to poznamy wyniki Przegl\u0105du. Trzymajmy wobec tego kciuki za nasz WTZ \u015bw. Rity i jego wspania\u0142ych aktor\u00f3w oraz re\u017cyserki!<\/p>\n<p><a href=\"http:\/\/www.mbfatimska.pl\/wkreceni-wystawili-meczenstwo-piotra-oheya\/\" target=\"_blank\" rel=\"noopener noreferrer\">Obejrzyj zdj\u0119cia<\/a><\/p>\n","protected":false},"excerpt":{"rendered":"<p>W dniu wczorajszym odby\u0142 si\u0119 kolejny Przegl\u0105d Form Scenicznych i Medialnych zorganizowany w ramach VIII Dni Os\u00f3b Niepe\u0142nosprawnych. W przegl\u0105dzie jak zwykle udzia\u0142 wzi\u0119\u0142o kilkana\u015bcie grup, zespo\u0142\u00f3w oraz solist\u00f3w, by pokaza\u0107 czego dzi\u0119ki ci\u0119\u017ckiej i wyczerpuj\u0105cej pracy oraz wielu godzinom \u0107wicze\u0144 i trening\u00f3w mog\u0105 dokona\u0107 osoby niepe\u0142nosprawne. Warsztat Terapii Zaj\u0119ciowej \u015bw. Rity reprezentowany by\u0142 przez [&hellip;]<\/p>\n","protected":false},"author":1,"featured_media":9286,"comment_status":"closed","ping_status":"closed","sticky":false,"template":"","format":"standard","meta":{"footnotes":""},"categories":[20],"tags":[],"class_list":["post-9304","post","type-post","status-publish","format-standard","has-post-thumbnail","hentry","category-wtz-rity"],"_links":{"self":[{"href":"https:\/\/mbfatimska.ovh\/index.php\/wp-json\/wp\/v2\/posts\/9304","targetHints":{"allow":["GET"]}}],"collection":[{"href":"https:\/\/mbfatimska.ovh\/index.php\/wp-json\/wp\/v2\/posts"}],"about":[{"href":"https:\/\/mbfatimska.ovh\/index.php\/wp-json\/wp\/v2\/types\/post"}],"author":[{"embeddable":true,"href":"https:\/\/mbfatimska.ovh\/index.php\/wp-json\/wp\/v2\/users\/1"}],"replies":[{"embeddable":true,"href":"https:\/\/mbfatimska.ovh\/index.php\/wp-json\/wp\/v2\/comments?post=9304"}],"version-history":[{"count":0,"href":"https:\/\/mbfatimska.ovh\/index.php\/wp-json\/wp\/v2\/posts\/9304\/revisions"}],"wp:featuredmedia":[{"embeddable":true,"href":"https:\/\/mbfatimska.ovh\/index.php\/wp-json\/wp\/v2\/media\/9286"}],"wp:attachment":[{"href":"https:\/\/mbfatimska.ovh\/index.php\/wp-json\/wp\/v2\/media?parent=9304"}],"wp:term":[{"taxonomy":"category","embeddable":true,"href":"https:\/\/mbfatimska.ovh\/index.php\/wp-json\/wp\/v2\/categories?post=9304"},{"taxonomy":"post_tag","embeddable":true,"href":"https:\/\/mbfatimska.ovh\/index.php\/wp-json\/wp\/v2\/tags?post=9304"}],"curies":[{"name":"wp","href":"https:\/\/api.w.org\/{rel}","templated":true}]}}