{"id":9482,"date":"2019-03-20T12:22:52","date_gmt":"2019-03-20T12:22:52","guid":{"rendered":"http:\/\/www.mbfatimska.pl\/?p=9482"},"modified":"2019-03-20T12:22:52","modified_gmt":"2019-03-20T12:22:52","slug":"wzielismy-udzial-w-gali-finalowej-albertiany-2019-2-2","status":"publish","type":"post","link":"https:\/\/mbfatimska.ovh\/index.php\/2019\/03\/20\/wzielismy-udzial-w-gali-finalowej-albertiany-2019-2-2\/","title":{"rendered":"Wzi\u0119li\u015bmy udzia\u0142 w Gali Fina\u0142owej Albertiany 2019"},"content":{"rendered":"<p>Przedwczoraj wr\u00f3cili\u015bmy z Krakowa. Co tam robili\u015bmy? Ano wzi\u0119li\u015bmy udzia\u0142 w gali Albertiany. Pojechali\u015bmy na zaproszenie Fundacji Anny Dymnej &#8222;Mimo wszystko&#8221; i Fundacji \u015awi\u0119tego Brata Alberta w nagrod\u0119 za zaj\u0119cie drugiego miejsca w Og\u00f3lnopolskim Festiwalu Tw\u00f3rczo\u015bci Teatralno-Muzycznej Os\u00f3b Niepe\u0142nosprawnych Albertiana 2019. W niedziel\u0119 rano ca\u0142a nasza grupa spotka\u0142a si\u0119 na peronie legionowskiego dworca. Cztery godziny p\u00f3\u017aniej, kr\u00f3tko po po\u0142udniu byli\u015bmy ju\u017c w Krakowie. Tu czeka\u0142o na nas s\u0142o\u0144ce oraz przesympatyczny pan Witold, wieloletni przyjaciel naszego terapeuty pana Jacka. Pan Witek ofiarowa\u0142 nam sw\u00f3j czas prowadz\u0105c najkr\u00f3tsz\u0105 drog\u0105 do hostelu, w kt\u00f3rym sp\u0119dzi\u0107 mieli\u015bmy najbli\u017csz\u0105 noc. Hostel &#8222;Trzy kafki&#8221; (tu nie ma b\u0142\u0119du) umiejscowiony jest w starej kamienicy vis a vis budynku mieszcz\u0105cego Wydzia\u0142 Prawa Uniwersytetu Jagiello\u0144skiego. Do Starego Miasta mieli\u015bmy wi\u0119c dwa kroki. Szybkie zakwaterowanie i ju\u017c po niespe\u0142na trzydziestu minutach idziemy grzecznie g\u0119siego za panem Witoldem do restauracji &#8222;Pod Norenami&#8221;. Dlaczego w\u0142a\u015bnie tam? A dlatego, \u017ce pan Witold zna w\u0142a\u015bciciela restauracji i dzi\u0119ki temu ca\u0142a nasza grupa mog\u0142a spo\u017cy\u0107 wspania\u0142y posi\u0142ek zupe\u0142nie za darmo. Nie pytajcie tylko, co jedli\u015bmy, bo nikt z nas nie pami\u0119ta ju\u017c nazwy. Pewne jest to, \u017ce by\u0142o pysznie, smacznie, sympatycznie i wegetaria\u0144sko \ud83d\ude42 Po tak wspaniale rozpocz\u0119tym popo\u0142udniu ruszyli\u015bmy na zwiedzanie Krakowa, a przynajmniej jego cz\u0119\u015bci. Tak wi\u0119c spacerek ulic\u0105 Krupnicz\u0105 potem Karmelick\u0105 a nast\u0119pnie Szewsk\u0105. Idziemy rozgl\u0105damy si\u0119, podziwiamy i nagle okaza\u0142o si\u0119, i\u017c przed nam Sukiennice. Kilka pami\u0105tkowych fotek a potem na zakupy! Min\u0119\u0142o blisko p\u00f3\u0142 godziny, gdy wreszcie uda\u0142o si\u0119 przekona\u0107 \u017ce\u0144sk\u0105 cz\u0119\u015b\u0107 naszej grupy do zako\u0144czenia zakup\u00f3w \ud83d\ude42 Jeszcze kilkana\u015bcie minut spacerku i wchodzimy do Ko\u015bcio\u0142a Mariackiego. Tu wzi\u0119li\u015bmy udzia\u0142 we Mszy \u015awi\u0119tej rozpoczynaj\u0105cej si\u0119 o godzinie 18:30. Po mszy wspania\u0142y wieczorny spacer uliczkami Krakowa, po drodze zahaczamy jeszcze o cukierni\u0119 &#8222;S\u0142odki Wentzl&#8221;. Dawno nie jedli\u015bmy tak wspania\u0142ych lod\u00f3w! Oko\u0142o godziny dwudziestej pierwszej jeste\u015bmy z powrotem w hostelu. Pora odpocz\u0105\u0107, umy\u0107 si\u0119 i spa\u0107, przecie\u017c jutro czeka nas wa\u017cny dzie\u0144! Poniedzia\u0142ek powita\u0142 nas nisko wisz\u0105cymi chmurami ale \u017cadne chmury nie by\u0142y w stanie zepsu\u0107 naszych wspania\u0142ych nastroj\u00f3w! Najpierw kr\u00f3ciutki spacer na Plac Sikorskiego. Tu, w barze &#8222;Pod Kopytkiem&#8221; czeka na nas \u015bniadanko! No i czego wi\u0119cej potrzeba do szcz\u0119\u015bcia? Pyszne jedzonko, sympatyczny w\u0142a\u015bciciel baru i coraz \u0142adniejsza pogoda. Je\u015bli dodamy do tego czekaj\u0105c\u0105 nas uroczysto\u015b\u0107 w Teatrze im. Juliusza S\u0142owackiego, otrzymamy wz\u00f3r na pe\u0142ni\u0119 szcz\u0119\u015bcia! Przed godzin\u0105 dziesi\u0105t\u0105 jeste\u015bmy ju\u017c w tym niezwyk\u0142ym budynku. Wybacz drogi czytelniku, \u017ce nie napiszemy wiele na temat tego w\u0142a\u015bnie teatru ale s\u0142owa cho\u0107by najbardziej kwieciste nie b\u0119d\u0105 w stanie odda\u0107 uroku, magii, powagi i sacrum tego miejsca. Budynek teatru wybudowano blisko 130 lat temu i ju\u017c samo to m\u00f3wi za siebie. Je\u015bli chcesz poczu\u0107 to, co my, musisz tu przyjecha\u0107. Innej opcji po prostu nie ma! Wracajmy zatem do Uroczystej Gali Fina\u0142owej Og\u00f3lnopolskiego Festiwalu Tw\u00f3rczo\u015bci Teatralno-Muzycznej Os\u00f3b Niepe\u0142nosprawnych. Uroczysto\u015b\u0107 rozpocz\u0119\u0142a si\u0119 wykonaniem przez Ch\u00f3r Vox Populi pie\u015bni &#8222;Mi\u0142o\u015b\u0107&#8221; b\u0119d\u0105cej hymnem festiwalu, chwil\u0119 p\u00f3\u017aniej na scenie pojawi\u0142a si\u0119 pani Anna Dymna oraz pani Lidia Jazgar. Obie pani w kilku s\u0142owach przywita\u0142y wszystkich przyby\u0142ych i ju\u017c po chwili na scenie pojawili si\u0119 pierwsi zwyci\u0119zcy. W tym miejscu trzeba powiedzie\u0107, \u017ce zwyci\u0119zcami tego festiwalu s\u0105 wszyscy bior\u0105cy w nim udzia\u0142, natomiast trzy pierwsze zespo\u0142y z ka\u017cdego regionu maj\u0105 jeszcze zaszczyt osobistego udzia\u0142u w finale. Zdobywcy pierwszych miejsc w poszczeg\u00f3lnych regionach wystawili swoje sztuki na Du\u017cej Scenie Teatru. Na tej samej scenie zaprezentowali si\u0119 r\u00f3wnie\u017c soli\u015bci. Wszyscy za\u015b laureaci wchodzili na scen\u0119, by odebra\u0107 nagrody i podarunki z r\u0105k pani Anny oraz sponsor\u00f3w tegorocznej Albertiany, a trzeba powiedzie\u0107, \u017ce sponsor\u00f3w by\u0142o wielu, dlatego te\u017c i przekazywanie nagr\u00f3d ka\u017cdej z grup trwa\u0142o czasami nawet kilka minut. My te\u017c oczywi\u015bcie pojawili\u015bmy si\u0119 na scenie i odebrali\u015bmy ca\u0142\u0105 &#8222;g\u00f3r\u0119&#8221; podarunk\u00f3w oraz oczywi\u015bci wymarzon\u0105 nagrod\u0119. Mikser audio!!! Trudno jest opisa\u0107 wszystko to, czego do\u015bwiadczyli\u015bmy tego dnia. Mn\u00f3stwo rado\u015bci, zadumy, wzrusze\u0144 a czasami tak\u017ce \u0142ez. Tylko nieub\u0142agany up\u0142yw czasu zmusi\u0142 nas do opuszczenia mur\u00f3w teatru i udania si\u0119 szybkim krokiem na krakowski Dworzec G\u0142\u00f3wny. Ca\u0142e szcz\u0119\u015bcie, \u017ce znowu by\u0142 z nami nasz &#8222;dobry duch&#8221; czyli pan Witold, kt\u00f3ry pom\u00f3g\u0142 nam dotrze\u0107 z wszystkimi torbami, walizkami i pud\u0142ami do poci\u0105gu. Po kilku minutach pojawi\u0142 si\u0119 poci\u0105g i tak zako\u0144czy\u0142a si\u0119 ta nasza wspania\u0142a wiosenna przygoda. Wieczorem byli\u015bmy ju\u017c w swoich domach. Pozosta\u0142y wspomnienia, wzruszenia, rado\u015b\u0107 i duma. I teraz pytanie. Jak podzi\u0119kowa\u0107 tym wszystkim ludziom, organizacjom, stowarzyszeniom i fundacjom dzi\u0119ki kt\u00f3rym dane nam by\u0142o to wszystko prze\u017cy\u0107? Nie mamy zbyt wielu mo\u017cliwo\u015bci, by wyrazi\u0107 wdzi\u0119czno\u015b\u0107. Dla Pani Anny Dymnej oraz pani Lidii Jazgar mieli\u015bmy pi\u0119kne anio\u0142ki wykonane w jednej z naszych pracowni ale jeden zosta\u0142 podarowany panu Witoldowi za jego wielkie serce i zupe\u0142nie bezinteresown\u0105 pomoc. Panie Witoldzie wielkie, wielkie dzi\u0119ki! Drugi za\u015b anio\u0142ek trafi\u0142 do r\u0105k w\u0142a\u015bciciela restauracji &#8222;Pod Norenami&#8221;, o kt\u00f3rej wspominali\u015bmy wcze\u015bniej. Dzi\u0119kujemy pani Annie Dymnej i pani Lidii Jazgar, dzi\u0119kujemy Fundacji &#8222;Mimo Wszystko&#8221; oraz Fundacji \u015awi\u0119tego Brata Alberta. <strong>Dzi\u0119kujemy wszystkim, kt\u00f3rych tego dnia spotkali\u015bmy na swej drodze!!!!<\/strong><\/p>\n<p><a href=\"http:\/\/www.mbfatimska.pl\/wzielismy-udzial-w-gali-finalowej-albertiany-2019\/\" target=\"_blank\" rel=\"noopener noreferrer\">Zapraszamy do obejrzenia zdj\u0119\u0107!<\/a><\/p>\n","protected":false},"excerpt":{"rendered":"<p>Przedwczoraj wr\u00f3cili\u015bmy z Krakowa. Co tam robili\u015bmy? Ano wzi\u0119li\u015bmy udzia\u0142 w gali Albertiany. Pojechali\u015bmy na zaproszenie Fundacji Anny Dymnej &#8222;Mimo wszystko&#8221; i Fundacji \u015awi\u0119tego Brata Alberta w nagrod\u0119 za zaj\u0119cie drugiego miejsca w Og\u00f3lnopolskim Festiwalu Tw\u00f3rczo\u015bci Teatralno-Muzycznej Os\u00f3b Niepe\u0142nosprawnych Albertiana 2019. W niedziel\u0119 rano ca\u0142a nasza grupa spotka\u0142a si\u0119 na peronie legionowskiego dworca. Cztery godziny [&hellip;]<\/p>\n","protected":false},"author":1,"featured_media":9420,"comment_status":"closed","ping_status":"closed","sticky":false,"template":"","format":"standard","meta":{"footnotes":""},"categories":[20],"tags":[],"class_list":["post-9482","post","type-post","status-publish","format-standard","has-post-thumbnail","hentry","category-wtz-rity"],"_links":{"self":[{"href":"https:\/\/mbfatimska.ovh\/index.php\/wp-json\/wp\/v2\/posts\/9482","targetHints":{"allow":["GET"]}}],"collection":[{"href":"https:\/\/mbfatimska.ovh\/index.php\/wp-json\/wp\/v2\/posts"}],"about":[{"href":"https:\/\/mbfatimska.ovh\/index.php\/wp-json\/wp\/v2\/types\/post"}],"author":[{"embeddable":true,"href":"https:\/\/mbfatimska.ovh\/index.php\/wp-json\/wp\/v2\/users\/1"}],"replies":[{"embeddable":true,"href":"https:\/\/mbfatimska.ovh\/index.php\/wp-json\/wp\/v2\/comments?post=9482"}],"version-history":[{"count":0,"href":"https:\/\/mbfatimska.ovh\/index.php\/wp-json\/wp\/v2\/posts\/9482\/revisions"}],"wp:featuredmedia":[{"embeddable":true,"href":"https:\/\/mbfatimska.ovh\/index.php\/wp-json\/wp\/v2\/media\/9420"}],"wp:attachment":[{"href":"https:\/\/mbfatimska.ovh\/index.php\/wp-json\/wp\/v2\/media?parent=9482"}],"wp:term":[{"taxonomy":"category","embeddable":true,"href":"https:\/\/mbfatimska.ovh\/index.php\/wp-json\/wp\/v2\/categories?post=9482"},{"taxonomy":"post_tag","embeddable":true,"href":"https:\/\/mbfatimska.ovh\/index.php\/wp-json\/wp\/v2\/tags?post=9482"}],"curies":[{"name":"wp","href":"https:\/\/api.w.org\/{rel}","templated":true}]}}