{"id":9597,"date":"2019-03-25T12:26:53","date_gmt":"2019-03-25T12:26:53","guid":{"rendered":"http:\/\/www.mbfatimska.pl\/?p=9597"},"modified":"2019-03-25T12:26:53","modified_gmt":"2019-03-25T12:26:53","slug":"zapraszamy-na-kiermasz-swiateczny-2","status":"publish","type":"post","link":"https:\/\/mbfatimska.ovh\/index.php\/2019\/03\/25\/zapraszamy-na-kiermasz-swiateczny-2\/","title":{"rendered":"Zapraszamy na kiermasz \u015bwi\u0105teczny"},"content":{"rendered":"<p style=\"text-align: left;\">Szanowni Pa\u0144stwo serdecznie zapraszamy do odwiedzenia naszego stoiska z wyrobami \u015bwi\u0105tecznymi. Czekamy na Was w dniach od 2 do 5 kwietnia w legionowskim Centrum Komunikacyjnym. Zapraszamy do obejrzenia stroik\u00f3w wielkanocnych wykonanych w naszych pracowniach. W tym roku na Waszych sto\u0142ach mog\u0105 zago\u015bci\u0107 pi\u0119kne, kunsztownie wykonane pisanki, kwieciste kokoszki i g\u0105ski, \u015bliczne, u\u015bmiechni\u0119te kr\u00f3liczki oraz wiele innych \u015bwi\u0105tecznych akcent\u00f3w. Ale to nie wszystko! Potrafimy znacznie wi\u0119cej! Trudno wymieni\u0107 wszystko, co powstaje w naszych pracowniach. Lalki, owieczki, kotki, kr\u00f3liczki, g\u0105ski i wiele innych przytulanek. Obrazy na szkle malowane, figury z drewna, anio\u0142ki oraz ikony. Nie jeste\u015bmy w stanie wymieni\u0107 wszystkiego, co przygotowali\u015bmy na kiermasz. Zapraszamy do stoiska, zapraszamy r\u00f3wnie\u017c do siedziby WTZ \u015bw. Rity. Nasze prace mo\u017cecie obejrze\u0107, b\u0105d\u017a zakupi\u0107 r\u00f3wnie\u017c u nas. W tym miejscu przypominamy, i\u017c wykonujemy tak\u017ce prace na indywidualne zam\u00f3wienie klienta.<br \/>\n<em>Adrian S. Ireneusz B. Piotr F.<\/em><br \/>\n<a href=\"http:\/\/www.mbfatimska.pl\/zapraszamy-na-kiermasz-swiateczny\/\">Zapraszamy do obejrzenia zdj\u0119\u0107 naszych wyrob\u00f3w!<\/a><\/p>\n","protected":false},"excerpt":{"rendered":"<p>Szanowni Pa\u0144stwo serdecznie zapraszamy do odwiedzenia naszego stoiska z wyrobami \u015bwi\u0105tecznymi. Czekamy na Was w dniach od 2 do 5 kwietnia w legionowskim Centrum Komunikacyjnym. Zapraszamy do obejrzenia stroik\u00f3w wielkanocnych wykonanych w naszych pracowniach. W tym roku na Waszych sto\u0142ach mog\u0105 zago\u015bci\u0107 pi\u0119kne, kunsztownie wykonane pisanki, kwieciste kokoszki i g\u0105ski, \u015bliczne, u\u015bmiechni\u0119te kr\u00f3liczki oraz wiele [&hellip;]<\/p>\n","protected":false},"author":1,"featured_media":9498,"comment_status":"closed","ping_status":"closed","sticky":false,"template":"","format":"standard","meta":{"footnotes":""},"categories":[20],"tags":[],"class_list":["post-9597","post","type-post","status-publish","format-standard","has-post-thumbnail","hentry","category-wtz-rity"],"_links":{"self":[{"href":"https:\/\/mbfatimska.ovh\/index.php\/wp-json\/wp\/v2\/posts\/9597","targetHints":{"allow":["GET"]}}],"collection":[{"href":"https:\/\/mbfatimska.ovh\/index.php\/wp-json\/wp\/v2\/posts"}],"about":[{"href":"https:\/\/mbfatimska.ovh\/index.php\/wp-json\/wp\/v2\/types\/post"}],"author":[{"embeddable":true,"href":"https:\/\/mbfatimska.ovh\/index.php\/wp-json\/wp\/v2\/users\/1"}],"replies":[{"embeddable":true,"href":"https:\/\/mbfatimska.ovh\/index.php\/wp-json\/wp\/v2\/comments?post=9597"}],"version-history":[{"count":0,"href":"https:\/\/mbfatimska.ovh\/index.php\/wp-json\/wp\/v2\/posts\/9597\/revisions"}],"wp:featuredmedia":[{"embeddable":true,"href":"https:\/\/mbfatimska.ovh\/index.php\/wp-json\/wp\/v2\/media\/9498"}],"wp:attachment":[{"href":"https:\/\/mbfatimska.ovh\/index.php\/wp-json\/wp\/v2\/media?parent=9597"}],"wp:term":[{"taxonomy":"category","embeddable":true,"href":"https:\/\/mbfatimska.ovh\/index.php\/wp-json\/wp\/v2\/categories?post=9597"},{"taxonomy":"post_tag","embeddable":true,"href":"https:\/\/mbfatimska.ovh\/index.php\/wp-json\/wp\/v2\/tags?post=9597"}],"curies":[{"name":"wp","href":"https:\/\/api.w.org\/{rel}","templated":true}]}}