{"id":9732,"date":"2019-04-17T17:02:51","date_gmt":"2019-04-17T17:02:51","guid":{"rendered":"http:\/\/www.mbfatimska.pl\/?p=9732"},"modified":"2019-04-17T17:02:51","modified_gmt":"2019-04-17T17:02:51","slug":"sniadanie-wielkanocne-2","status":"publish","type":"post","link":"https:\/\/mbfatimska.ovh\/index.php\/2019\/04\/17\/sniadanie-wielkanocne-2\/","title":{"rendered":"\u015aniadanie wielkanocne"},"content":{"rendered":"<p>Wczoraj mieli\u015bmy bardzo du\u017co pracy. W pracowni gospodarstwa domowego t\u0142um ludzi. Krojenie warzyw na sa\u0142atki. Wyrabianie ciast. Pieczenie, gotowanie, sma\u017cenie i ca\u0142e mn\u00f3stwo innych czynno\u015bci. Po c\u00f3\u017c to wszystko, zapytacie. A to dlatego, \u017ce na dzisiaj zaprosili\u015bmy ksi\u0119dza proboszcza Tomasza Chcia\u0142owskiego, notabene Prezesa Zarz\u0105du Legionowskiego Stowarzyszenia Amicus, koordynatora Legionowskiego Stowarzyszenia Amicus, kierownika Klubu Seniora Amicus, przedstawicieli w\u0142adz samorz\u0105dowych miasta i powiatu oraz wielu innych go\u015bci a w\u015br\u00f3d nich r\u00f3wnie\u017c naszych rodzic\u00f3w i opiekun\u00f3w. Zaprosili\u015bmy do wsp\u00f3lnego \u015bniadania wielkanocnego. Niestety nie wszyscy z zaproszonych go\u015bci mieli mo\u017cliwo\u015b\u0107 uczestnictwa. Ksi\u0105dz proboszcz serdecznie przywita\u0142 wszystkich przyby\u0142ych i w kilku s\u0142owach podzi\u0119kowa\u0142 za obecno\u015b\u0107. Kilka s\u0142\u00f3w powiedzia\u0142a r\u00f3wnie\u017c pani Danuta Szczepanik Sekretarz Miasta Legionowo a potem nasza pani kierownik. Nast\u0119pnie wsp\u00f3lnie z ksi\u0119dzem Tomaszem odm\u00f3wili\u015bmy kr\u00f3tk\u0105 modlitw\u0119, jeszcze b\u0142ogos\u0142awie\u0144stwo pokarm\u00f3w i ju\u017c po chwili wszyscy dzielimy si\u0119 jajkiem, symbolem \u017cycia. Szkoda, \u017ce takie spotkania kiedy\u015b si\u0119 ko\u0144cz\u0105. Te trzy godzinki min\u0119\u0142y nam niczym jeden kwadrans. Wszystkim go\u015bciom bardzo, bardzo serdecznie dzi\u0119kujemy za przybycie, za \u017cyczenia i za to, \u017ce byli z nami! Przy okazji wszystkim czytaj\u0105cym te s\u0142owa \u017cyczymy zdrowych, spokojnych i radosnych \u015awi\u0105t Zmartwychwstania Pa\u0144skiego.<\/p>\n<p><a href=\"http:\/\/www.mbfatimska.pl\/sniadanie-wielkanocne\/\" target=\"_blank\" rel=\"noopener noreferrer\">Zobacz zdj\u0119cia!<\/a><\/p>\n","protected":false},"excerpt":{"rendered":"<p>Wczoraj mieli\u015bmy bardzo du\u017co pracy. W pracowni gospodarstwa domowego t\u0142um ludzi. Krojenie warzyw na sa\u0142atki. Wyrabianie ciast. Pieczenie, gotowanie, sma\u017cenie i ca\u0142e mn\u00f3stwo innych czynno\u015bci. Po c\u00f3\u017c to wszystko, zapytacie. A to dlatego, \u017ce na dzisiaj zaprosili\u015bmy ksi\u0119dza proboszcza Tomasza Chcia\u0142owskiego, notabene Prezesa Zarz\u0105du Legionowskiego Stowarzyszenia Amicus, koordynatora Legionowskiego Stowarzyszenia Amicus, kierownika Klubu Seniora Amicus, [&hellip;]<\/p>\n","protected":false},"author":1,"featured_media":9718,"comment_status":"closed","ping_status":"closed","sticky":false,"template":"","format":"standard","meta":{"footnotes":""},"categories":[20],"tags":[],"class_list":["post-9732","post","type-post","status-publish","format-standard","has-post-thumbnail","hentry","category-wtz-rity"],"_links":{"self":[{"href":"https:\/\/mbfatimska.ovh\/index.php\/wp-json\/wp\/v2\/posts\/9732","targetHints":{"allow":["GET"]}}],"collection":[{"href":"https:\/\/mbfatimska.ovh\/index.php\/wp-json\/wp\/v2\/posts"}],"about":[{"href":"https:\/\/mbfatimska.ovh\/index.php\/wp-json\/wp\/v2\/types\/post"}],"author":[{"embeddable":true,"href":"https:\/\/mbfatimska.ovh\/index.php\/wp-json\/wp\/v2\/users\/1"}],"replies":[{"embeddable":true,"href":"https:\/\/mbfatimska.ovh\/index.php\/wp-json\/wp\/v2\/comments?post=9732"}],"version-history":[{"count":0,"href":"https:\/\/mbfatimska.ovh\/index.php\/wp-json\/wp\/v2\/posts\/9732\/revisions"}],"wp:featuredmedia":[{"embeddable":true,"href":"https:\/\/mbfatimska.ovh\/index.php\/wp-json\/wp\/v2\/media\/9718"}],"wp:attachment":[{"href":"https:\/\/mbfatimska.ovh\/index.php\/wp-json\/wp\/v2\/media?parent=9732"}],"wp:term":[{"taxonomy":"category","embeddable":true,"href":"https:\/\/mbfatimska.ovh\/index.php\/wp-json\/wp\/v2\/categories?post=9732"},{"taxonomy":"post_tag","embeddable":true,"href":"https:\/\/mbfatimska.ovh\/index.php\/wp-json\/wp\/v2\/tags?post=9732"}],"curies":[{"name":"wp","href":"https:\/\/api.w.org\/{rel}","templated":true}]}}