{"id":9862,"date":"2019-04-19T22:25:18","date_gmt":"2019-04-19T22:25:18","guid":{"rendered":"http:\/\/www.mbfatimska.pl\/?p=9862"},"modified":"2019-04-19T22:25:18","modified_gmt":"2019-04-19T22:25:18","slug":"wielki-piatek-liturgia-meki-panskiej-2","status":"publish","type":"post","link":"https:\/\/mbfatimska.ovh\/index.php\/2019\/04\/19\/wielki-piatek-liturgia-meki-panskiej-2\/","title":{"rendered":"Wielki Pi\u0105tek. Liturgia M\u0119ki Pa\u0144skiej"},"content":{"rendered":"<p>Dzisiaj Wielki Pi\u0105tek. Ksi\u0105dz Zdzis\u0142aw Bag\u0142aj w koncelebrze z proboszczem naszej parafii ksi\u0119dzem Tomaszem Chcia\u0142owskim, ksi\u0119dzem Piotrem, ksi\u0119dzem Arkadiuszem oraz ksi\u0119dzem Wojciechem odprawi\u0142 szczeg\u00f3ln\u0105 msz\u0119 \u015bwi\u0119t\u0105 &#8211; Liturgi\u0119 M\u0119ki Pa\u0144skiej. W ciszy i skupieniu kap\u0142ani weszli do ko\u015bcio\u0142a &#8211; wobec zbawczej \u015bmierci Chrystusa wszelkie s\u0142owa s\u0105 niepotrzebne. Pierwsze czytanie &#8211; s\u0142owa proroka Izajasza m\u00f3wi\u0105 nam o tym, \u017ce Mesjasz b\u0119dzie cierpia\u0142 za grzechy ludzi. W homilii ksi\u0105dz Tomasz m\u00f3wi\u0142 o symbolice i mocy krzy\u017ca w naszych domach, szko\u0142ach, zak\u0142adach pracy &#8211; o potrzebie krzy\u017ca w naszym \u017cyciu. Liturgi\u0119 M\u0119ki Pa\u0144skiej zako\u0144czy\u0142o przeniesienie Naj\u015bwi\u0119tszego Sakramentu do Grobu Bo\u017cego. Wieczorem przeszli\u015bmy ulicami naszej parafii bior\u0105c udzia\u0142 w Drodze Krzy\u017cowej.<\/p>\n<p><a href=\"http:\/\/www.mbfatimska.pl\/wielki-piatek-liturgia-meki-panskiej\/\" target=\"_blank\" rel=\"noopener noreferrer\">Zdj\u0119cia &#8211; Liturgia M\u0119ki Pa\u0144skiej<\/a><br \/>\n<a href=\"http:\/\/www.mbfatimska.pl\/wielki-piatek-droga-krzyzowa\/\" target=\"_blank\" rel=\"noopener noreferrer\">Zdj\u0119cia-Droga Krzy\u017cowa<\/a><\/p>\n","protected":false},"excerpt":{"rendered":"<p>Dzisiaj Wielki Pi\u0105tek. Ksi\u0105dz Zdzis\u0142aw Bag\u0142aj w koncelebrze z proboszczem naszej parafii ksi\u0119dzem Tomaszem Chcia\u0142owskim, ksi\u0119dzem Piotrem, ksi\u0119dzem Arkadiuszem oraz ksi\u0119dzem Wojciechem odprawi\u0142 szczeg\u00f3ln\u0105 msz\u0119 \u015bwi\u0119t\u0105 &#8211; Liturgi\u0119 M\u0119ki Pa\u0144skiej. W ciszy i skupieniu kap\u0142ani weszli do ko\u015bcio\u0142a &#8211; wobec zbawczej \u015bmierci Chrystusa wszelkie s\u0142owa s\u0105 niepotrzebne. Pierwsze czytanie &#8211; s\u0142owa proroka Izajasza m\u00f3wi\u0105 nam [&hellip;]<\/p>\n","protected":false},"author":1,"featured_media":9795,"comment_status":"closed","ping_status":"closed","sticky":false,"template":"","format":"standard","meta":{"footnotes":""},"categories":[2],"tags":[],"class_list":["post-9862","post","type-post","status-publish","format-standard","has-post-thumbnail","hentry","category-aktualnosci"],"_links":{"self":[{"href":"https:\/\/mbfatimska.ovh\/index.php\/wp-json\/wp\/v2\/posts\/9862","targetHints":{"allow":["GET"]}}],"collection":[{"href":"https:\/\/mbfatimska.ovh\/index.php\/wp-json\/wp\/v2\/posts"}],"about":[{"href":"https:\/\/mbfatimska.ovh\/index.php\/wp-json\/wp\/v2\/types\/post"}],"author":[{"embeddable":true,"href":"https:\/\/mbfatimska.ovh\/index.php\/wp-json\/wp\/v2\/users\/1"}],"replies":[{"embeddable":true,"href":"https:\/\/mbfatimska.ovh\/index.php\/wp-json\/wp\/v2\/comments?post=9862"}],"version-history":[{"count":0,"href":"https:\/\/mbfatimska.ovh\/index.php\/wp-json\/wp\/v2\/posts\/9862\/revisions"}],"wp:featuredmedia":[{"embeddable":true,"href":"https:\/\/mbfatimska.ovh\/index.php\/wp-json\/wp\/v2\/media\/9795"}],"wp:attachment":[{"href":"https:\/\/mbfatimska.ovh\/index.php\/wp-json\/wp\/v2\/media?parent=9862"}],"wp:term":[{"taxonomy":"category","embeddable":true,"href":"https:\/\/mbfatimska.ovh\/index.php\/wp-json\/wp\/v2\/categories?post=9862"},{"taxonomy":"post_tag","embeddable":true,"href":"https:\/\/mbfatimska.ovh\/index.php\/wp-json\/wp\/v2\/tags?post=9862"}],"curies":[{"name":"wp","href":"https:\/\/api.w.org\/{rel}","templated":true}]}}