{"id":9880,"date":"2019-04-20T14:14:01","date_gmt":"2019-04-20T14:14:01","guid":{"rendered":"http:\/\/www.mbfatimska.pl\/?p=9880"},"modified":"2019-04-20T14:14:01","modified_gmt":"2019-04-20T14:14:01","slug":"niedziela-zmartwychwstania-panskiego-21-04-2019r","status":"publish","type":"post","link":"https:\/\/mbfatimska.ovh\/index.php\/2019\/04\/20\/niedziela-zmartwychwstania-panskiego-21-04-2019r\/","title":{"rendered":"Niedziela Zmartwychwstania Pa\u0144skiego &#8211; 21.04.2019r."},"content":{"rendered":"<ol>\n<li>\n<h4><span style=\"color: #000000;\">\u00a0Bardzo serdecznie dzi\u0119kujemy wszystkim, kt\u00f3rzy przyczynili si\u0119 do godnego i eklezjalnego prze\u017cycia Triduum Paschalnego i dzisiejszej uroczysto\u015bci Zmartwychwstania Pa\u0144skiego:<\/span><\/h4>\n<h4><span style=\"color: #000000;\">&#8211; dzi\u0119kujemy paniom i panom za trud sprz\u0105tania terenu ko\u015bcielnego i pomoc w wystroju ko\u015bcio\u0142a,<\/span><\/h4>\n<h4><span style=\"color: #000000;\">&#8211; podzi\u0119kowania kierujemy do Warsztatu Terapii Zaj\u0119ciowej za zrobienie Grobu Pa\u0144skiego,<\/span><\/h4>\n<h4><span style=\"color: #000000;\">&#8211; dzi\u0119kujemy kwiaciarni Rose za kwiaty do o\u0142tarza, Ciemnicy i Grobu Pa\u0144skiego,<\/span><\/h4>\n<h4><span style=\"color: #000000;\">&#8211; dzi\u0119kujemy Urz\u0119dowi Miasta &#8211; panu Prezydentowi za remont ul. D\u0142ugiej, Obro\u0144c\u00f3w Lwowa, parking\u00f3w od strony ul. Orl\u0105t Lwowskich i ul. Orl\u0105t Lwowskich do Tatrza\u0144skiej oraz posprz\u0105tanie ulic trasy procesji rezurekcyjnej czy procesji Drogi Krzy\u017cowej,<\/span><\/h4>\n<h4><span style=\"color: #000000;\">&#8211; dzi\u0119kujemy ministrantom i lektorom za pos\u0142ug\u0119 przy o\u0142tarzu,<\/span><\/h4>\n<h4><span style=\"color: #000000;\">&#8211; podzi\u0119kowania kierujemy do scholi Fatima Canta i prowadz\u0105cej, pani Anity Rodak za \u015bpiew w Triduum i w czasie Wielkanocy. <\/span><\/h4>\n<h4><span style=\"color: #000000;\">&#8211; dzi\u0119kujemy obs\u0142udze ko\u015bcio\u0142a: pani Dorocie Bonis\u0142awskiej (organistce), panu Jackowi Zawadzie (ko\u015bcielnemu), pa\u0144stwu Jadwidze i Wies\u0142awowi Nawrockim (za codzienn\u0105 dba\u0142o\u015b\u0107 o czysto\u015b\u0107 ko\u015bcio\u0142a),\\\\<\/span><\/h4>\n<h4><span style=\"color: #000000;\">&#8211; dzi\u0119kujemy Policji, Stra\u017cy Miejskiej za zabezpieczenie trasy procesji,<\/span><\/h4>\n<h4><span style=\"color: #000000;\">&#8211; dzi\u0119kujemy Wam drodzy wierni za Wasz\u0105 wiar\u0119 i mi\u0142o\u015b\u0107 do Pana Boga. <\/span><\/h4>\n<\/li>\n<li>\n<h4><span style=\"color: #000000;\">\u00a0Dzisiaj Msze \u015bwi\u0119te o 6.30 (Rezurekcja), 11.00, 12.30, 18.00.<\/span><\/h4>\n<\/li>\n<li>\n<h4><span style=\"color: #000000;\">\u00a0Jutro drugi dzie\u0144 \u015bwi\u0105t Wielkanocnych. Msze \u015bwi\u0119te wed\u0142ug porz\u0105dku niedzielnego: 7.30, 9.00, 11.00, 12.30, 18.00. <\/span><\/h4>\n<\/li>\n<li>\n<h4><span style=\"color: #000000;\">\u00a0We wtorek o godz. 20.00 w ko\u015bciele zebranie dla K\u00f3\u0142 \u017bywego R\u00f3\u017ca\u0144ca w zwi\u0105zku ze Zlotem K\u00f3\u0142 R\u00f3\u017ca\u0144cowych w sobot\u0119 w naszej Parafii z diecezji Warszawsko &#8211; Praskiej. <\/span><\/h4>\n<\/li>\n<li>\n<h4><span style=\"color: #000000;\">\u00a0Ka\u017cdego dnia po wieczornej Mszy \u015awi\u0119tej nowenna do Bo\u017cego Mi\u0142osierdzia przed uroczysto\u015bci\u0105 Bo\u017cego Mi\u0142osierdzia, kt\u00f3ra przypadnie za tydzie\u0144 w niedziel\u0119. <\/span><\/h4>\n<\/li>\n<li>\n<h4><span style=\"color: #000000;\">\u00a0W pi\u0105tek o godz. 16.30 wr\u0119czenie nagr\u00f3d dla dzieci, kt\u00f3re regularnie uczestniczy\u0142y w nabo\u017ce\u0144stwach Drogi Krzy\u017cowej. Prosimy, aby dzieci zabra\u0142y ze sob\u0105 plansze.<\/span><\/h4>\n<\/li>\n<li>\n<h4><span style=\"color: #000000;\">\u00a0W pi\u0105tek o godz. 18.00 zostanie odprawiona Msza \u015bwi\u0119ta wypominkowa za naszych bliskich zmar\u0142ych. <\/span><\/h4>\n<\/li>\n<li>\n<h4><span style=\"color: #000000;\">\u00a0Dnia 26 kwietnia (pi\u0105tek) o godz. 19.00 w ko\u015bciele odb\u0119dzie si\u0119 \u201eWieczernica\u201d \u2013 monta\u017c s\u0142owno \u2013 muzyczny upami\u0119tniaj\u0105cy 5. <a style=\"color: #000000;\" href=\"http:\/\/www.mbfatimska.pl\/wp-content\/uploads\/2019\/04\/56770760_807734992931803_3716117592692228096_n-min.jpg\" rel=\"lightbox[9645]\"><img fetchpriority=\"high\" decoding=\"async\" class=\"alignright wp-image-9646\" src=\"http:\/\/www.mbfatimska.pl\/wp-content\/uploads\/2019\/04\/56770760_807734992931803_3716117592692228096_n-min-213x300.jpg\" sizes=\"(max-width: 231px) 100vw, 231px\" srcset=\"http:\/\/www.mbfatimska.pl\/wp-content\/uploads\/2019\/04\/56770760_807734992931803_3716117592692228096_n-min-213x300.jpg 213w, http:\/\/www.mbfatimska.pl\/wp-content\/uploads\/2019\/04\/56770760_807734992931803_3716117592692228096_n-min.jpg 683w\" alt=\"\" width=\"253\" height=\"357\" \/><\/a>rocznic\u0119 wyniesienia Jana Paw\u0142a II na o\u0142tarze. Organizatorem spektaklu jest pani Dorota Bonis\u0142awska \u2013 nasza organistka, Legionowskie Stowarzyszenie na Rzecz Kultury oraz nasza Parafia. Serdecznie zapraszamy.<\/span><\/h4>\n<\/li>\n<li>\n<h4><span style=\"color: #000000;\">\u00a0W sobot\u0119 w naszej Parafii odb\u0119dzie si\u0119 VII Pielgrzymka \u017bywego R\u00f3\u017ca\u0144ca z naszej diecezji. Spodziewamy si\u0119 blisko tysi\u0105c os\u00f3b. Spotkanie rozpocznie si\u0119 o godz. 9.00 powitaniem, o 9.15 odb\u0119dzie si\u0119 konferencja, o 10.00 R\u00f3\u017caniec, o 12.00 Uroczysta Msza \u015awi\u0119ta pod przewodnictwem JE Ks. Bpa Marka Solarczyka, o 13.00 wsp\u00f3lna agapa &#8211; pocz\u0119stunek i Koronka do Bo\u017cego Mi\u0142osierdzia. Ca\u0142o\u015b\u0107 zako\u0144czy si\u0119 oko\u0142o 14.30.<\/span><\/h4>\n<\/li>\n<li>\n<h4><span style=\"color: #000000;\">\u00a0W zwi\u0105zku z sobotnimi uroczysto\u015bciami w pi\u0105tek na 8.00 zapraszamy do wsp\u00f3lnych prac porz\u0105dkowych, a w sobot\u0119 na godz. 7.00 do rozstawiania namiot\u00f3w, sto\u0142\u00f3w, \u0142awek. <\/span><\/h4>\n<\/li>\n<li>\n<h4><span style=\"color: #000000;\">\u00a0W przysz\u0142\u0105 niedziel\u0119 obchodzi\u0107 b\u0119dziemy Niedziel\u0119 Bo\u017cego Mi\u0142osierdzia. O godz. 15.00 prze\u017cywa\u0107 b\u0119dziemy Godzin\u0119 \u0141ask. Jak m\u00f3wi\u0142 Pan Jezus \u015bw. siostrze Faustynie: &#8222;W tej godzinie chc\u0119 da\u0142 cz\u0142owiekowi wszystko, o co b\u0119dzie mnie prosi\u0142, je\u015bli to zgodne z wol\u0105 Bo\u017c\u0105&#8221;. Skorzystajmy z tego dobra. Tego dnia taca b\u0119dzie przeznaczona na Caritas naszej diecezji.<\/span><\/h4>\n<\/li>\n<li>\n<h4><span style=\"color: #000000;\">\u00a0W Niedziel\u0119 Mi\u0142osierdzia Bo\u017cego przed ko\u015bcio\u0142em b\u0119dziemy mogli kupi\u0107 obrazki z Bo\u017cym Mi\u0142osierdziem i tekstem Koronki do Bo\u017cego Mi\u0142osierdzia.<\/span><\/h4>\n<\/li>\n<li>\n<h4><span style=\"color: #000000;\">\u00a0R\u00f3wnie\u017c za tydzie\u0144 w Niedziel\u0119 Bo\u017cego Mi\u0142osierdzia rozpoczynamy nowy cykl nauk przedma\u0142\u017ce\u0144skich. Pierwsze spotkanie o godz. 19.00 w salce pod zakrysti\u0105. <\/span><\/h4>\n<\/li>\n<li>\n<h4><span style=\"color: #000000;\">\u00a0W poniedzia\u0142ek, 29 kwietnia o godz. 19.00 rozpoczniemy now\u0105 edycj\u0119 katechez przed sakramentem bierzmowania dla doros\u0142ych. Spotkanie odb\u0119dzie si\u0119 w sali pod zakrysti\u0105. <\/span><\/h4>\n<\/li>\n<\/ol>\n","protected":false},"excerpt":{"rendered":"<p>\u00a0Bardzo serdecznie dzi\u0119kujemy wszystkim, kt\u00f3rzy przyczynili si\u0119 do godnego i eklezjalnego prze\u017cycia Triduum Paschalnego i dzisiejszej uroczysto\u015bci Zmartwychwstania Pa\u0144skiego: &#8211; dzi\u0119kujemy paniom i panom za trud sprz\u0105tania terenu ko\u015bcielnego i pomoc w wystroju ko\u015bcio\u0142a, &#8211; podzi\u0119kowania kierujemy do Warsztatu Terapii Zaj\u0119ciowej za zrobienie Grobu Pa\u0144skiego, &#8211; dzi\u0119kujemy kwiaciarni Rose za kwiaty do o\u0142tarza, Ciemnicy i [&hellip;]<\/p>\n","protected":false},"author":1,"featured_media":481,"comment_status":"closed","ping_status":"closed","sticky":false,"template":"","format":"standard","meta":{"footnotes":""},"categories":[14],"tags":[],"class_list":["post-9880","post","type-post","status-publish","format-standard","has-post-thumbnail","hentry","category-ogloszenia-parafialne"],"_links":{"self":[{"href":"https:\/\/mbfatimska.ovh\/index.php\/wp-json\/wp\/v2\/posts\/9880","targetHints":{"allow":["GET"]}}],"collection":[{"href":"https:\/\/mbfatimska.ovh\/index.php\/wp-json\/wp\/v2\/posts"}],"about":[{"href":"https:\/\/mbfatimska.ovh\/index.php\/wp-json\/wp\/v2\/types\/post"}],"author":[{"embeddable":true,"href":"https:\/\/mbfatimska.ovh\/index.php\/wp-json\/wp\/v2\/users\/1"}],"replies":[{"embeddable":true,"href":"https:\/\/mbfatimska.ovh\/index.php\/wp-json\/wp\/v2\/comments?post=9880"}],"version-history":[{"count":0,"href":"https:\/\/mbfatimska.ovh\/index.php\/wp-json\/wp\/v2\/posts\/9880\/revisions"}],"wp:featuredmedia":[{"embeddable":true,"href":"https:\/\/mbfatimska.ovh\/index.php\/wp-json\/wp\/v2\/media\/481"}],"wp:attachment":[{"href":"https:\/\/mbfatimska.ovh\/index.php\/wp-json\/wp\/v2\/media?parent=9880"}],"wp:term":[{"taxonomy":"category","embeddable":true,"href":"https:\/\/mbfatimska.ovh\/index.php\/wp-json\/wp\/v2\/categories?post=9880"},{"taxonomy":"post_tag","embeddable":true,"href":"https:\/\/mbfatimska.ovh\/index.php\/wp-json\/wp\/v2\/tags?post=9880"}],"curies":[{"name":"wp","href":"https:\/\/api.w.org\/{rel}","templated":true}]}}