{"id":9943,"date":"2019-04-20T19:39:45","date_gmt":"2019-04-20T19:39:45","guid":{"rendered":"http:\/\/www.mbfatimska.pl\/?p=9943"},"modified":"2019-04-20T19:39:45","modified_gmt":"2019-04-20T19:39:45","slug":"wieczorna-liturgia-wigilii-paschalnej-2","status":"publish","type":"post","link":"https:\/\/mbfatimska.ovh\/index.php\/2019\/04\/20\/wieczorna-liturgia-wigilii-paschalnej-2\/","title":{"rendered":"Wieczorna Liturgia Wigilii Paschalnej"},"content":{"rendered":"<p><strong>\u201eChrystus wczoraj i dzi\u015b, Pocz\u0105tek i Koniec, Alfa i Omega. Do niego nale\u017cy czas i wieczno\u015b\u0107. Jemu chwa\u0142a i panowanie przez wszystkie wieki wiek\u00f3w\u201d.<\/strong><br \/>\nWieczorna Liturgia Wigilii Paschalnej rozpocz\u0119\u0142a si\u0119 obok ko\u015bcio\u0142a gdzie nast\u0105pi\u0142o po\u015bwi\u0119cenie ognia, kt\u00f3ry potem, na zapalonym paschale zosta\u0142 wniesiony do naszej \u015bwi\u0105tyni. Jak ten ogie\u0144 roz\u015bwietli\u0142 wn\u0119trze ko\u015bcio\u0142a, tak zmartwychwsta\u0142y Chrystus rozproszy ciemno\u015bci grzechu i \u015bmierci, na powr\u00f3t wleje w nasze serca rado\u015b\u0107 \u017cycia. Czytania Liturgii S\u0142owa ukaza\u0142y ca\u0142\u0105 histori\u0119 Zbawienia: od pocz\u0105tku \u015bwiata, poprzez wyprowadzenie narodu wybranego z Egiptu, a\u017c do czasu, gdy Jednorodzony Bo\u017cy Syn sta\u0142 si\u0119 Barankiem, kt\u00f3ry zg\u0142adzi\u0142 grzechy \u015bwiata, a zabity za grzechy trzeciego dnia zmartwychwsta\u0142. Wspominaj\u0105c zmartwychwstanie naszego Pana spotkamy si\u0119 jutro o \u015bwicie i uroczyst\u0105 procesj\u0105 rozpoczniemy msz\u0119 rezurekcyjn\u0105.<br \/>\n<a href=\"http:\/\/www.mbfatimska.pl\/wieczorna-liturgia-wigilii-paschalnej\/\" target=\"_blank\" rel=\"noopener noreferrer\">Galeria zdj\u0119\u0107<\/a><\/p>\n<p>&nbsp;<\/p>\n","protected":false},"excerpt":{"rendered":"<p>\u201eChrystus wczoraj i dzi\u015b, Pocz\u0105tek i Koniec, Alfa i Omega. Do niego nale\u017cy czas i wieczno\u015b\u0107. Jemu chwa\u0142a i panowanie przez wszystkie wieki wiek\u00f3w\u201d. Wieczorna Liturgia Wigilii Paschalnej rozpocz\u0119\u0142a si\u0119 obok ko\u015bcio\u0142a gdzie nast\u0105pi\u0142o po\u015bwi\u0119cenie ognia, kt\u00f3ry potem, na zapalonym paschale zosta\u0142 wniesiony do naszej \u015bwi\u0105tyni. Jak ten ogie\u0144 roz\u015bwietli\u0142 wn\u0119trze ko\u015bcio\u0142a, tak zmartwychwsta\u0142y Chrystus [&hellip;]<\/p>\n","protected":false},"author":1,"featured_media":9924,"comment_status":"closed","ping_status":"closed","sticky":false,"template":"","format":"standard","meta":{"footnotes":""},"categories":[2],"tags":[],"class_list":["post-9943","post","type-post","status-publish","format-standard","has-post-thumbnail","hentry","category-aktualnosci"],"_links":{"self":[{"href":"https:\/\/mbfatimska.ovh\/index.php\/wp-json\/wp\/v2\/posts\/9943","targetHints":{"allow":["GET"]}}],"collection":[{"href":"https:\/\/mbfatimska.ovh\/index.php\/wp-json\/wp\/v2\/posts"}],"about":[{"href":"https:\/\/mbfatimska.ovh\/index.php\/wp-json\/wp\/v2\/types\/post"}],"author":[{"embeddable":true,"href":"https:\/\/mbfatimska.ovh\/index.php\/wp-json\/wp\/v2\/users\/1"}],"replies":[{"embeddable":true,"href":"https:\/\/mbfatimska.ovh\/index.php\/wp-json\/wp\/v2\/comments?post=9943"}],"version-history":[{"count":0,"href":"https:\/\/mbfatimska.ovh\/index.php\/wp-json\/wp\/v2\/posts\/9943\/revisions"}],"wp:featuredmedia":[{"embeddable":true,"href":"https:\/\/mbfatimska.ovh\/index.php\/wp-json\/wp\/v2\/media\/9924"}],"wp:attachment":[{"href":"https:\/\/mbfatimska.ovh\/index.php\/wp-json\/wp\/v2\/media?parent=9943"}],"wp:term":[{"taxonomy":"category","embeddable":true,"href":"https:\/\/mbfatimska.ovh\/index.php\/wp-json\/wp\/v2\/categories?post=9943"},{"taxonomy":"post_tag","embeddable":true,"href":"https:\/\/mbfatimska.ovh\/index.php\/wp-json\/wp\/v2\/tags?post=9943"}],"curies":[{"name":"wp","href":"https:\/\/api.w.org\/{rel}","templated":true}]}}